{"id":886,"date":"2014-10-07T00:34:23","date_gmt":"2014-10-06T21:34:23","guid":{"rendered":"http:\/\/www.bristena.eu\/?p=886"},"modified":"2023-08-02T12:39:53","modified_gmt":"2023-08-02T09:39:53","slug":"revederi-la-revederi","status":"publish","type":"post","link":"http:\/\/www.bristena.eu\/index.php\/revederi-la-revederi\/","title":{"rendered":"Revederi, la revederi"},"content":{"rendered":"\n<p class=\"has-text-align-center\">azi<br>mi s-a f\u0103cut un dor nebun de soare<br>da, \u0219tiu, e octombrie<br>ar fi trebuit s\u0103 m\u0103 obi\u0219nuiesc deja f\u0103r\u0103 el<br>(c\u0103ci pentru asta-i septembrie)<br>a\u0219a-mi trebuie<br>m\u0103 avertizase de la \u00eenceput<br>iar eu m\u0103 f\u0103ceam c\u0103 nu aud<br>fredonam ceva melodie despre m\u00e2ine \u0219i despre azi<\/p>\n\n\n\n<h6 class=\"wp-block-heading\"><img decoding=\"async\" loading=\"lazy\" class=\"aligncenter size-full wp-image-888\" src=\"http:\/\/www.bristena.eu\/wp-content\/uploads\/2014\/10\/img256.jpg\" alt=\"img256\" width=\"900\" height=\"543\" srcset=\"http:\/\/www.bristena.eu\/wp-content\/uploads\/2014\/10\/img256.jpg 900w, http:\/\/www.bristena.eu\/wp-content\/uploads\/2014\/10\/img256-300x181.jpg 300w, http:\/\/www.bristena.eu\/wp-content\/uploads\/2014\/10\/img256-800x482.jpg 800w\" sizes=\"(max-width: 900px) 100vw, 900px\" \/><\/h6>\n\n\n<div class=\"wp-block-image\">\n<figure class=\"aligncenter\"><img decoding=\"async\" loading=\"lazy\" width=\"900\" height=\"533\" src=\"http:\/\/www.bristena.eu\/wp-content\/uploads\/2014\/10\/img259.jpg\" alt=\"img259\" class=\"wp-image-891\" srcset=\"http:\/\/www.bristena.eu\/wp-content\/uploads\/2014\/10\/img259.jpg 900w, http:\/\/www.bristena.eu\/wp-content\/uploads\/2014\/10\/img259-300x177.jpg 300w, http:\/\/www.bristena.eu\/wp-content\/uploads\/2014\/10\/img259-800x473.jpg 800w\" sizes=\"(max-width: 900px) 100vw, 900px\" \/><\/figure><\/div>\n\n\n<p class=\"has-text-align-center\">intru la du\u0219<br>&#8230;<br>mi-a mai c\u0103zut pe degetele de la picioare un strat de bronz<br>am clipit o dat\u0103 \u0219i s-au f\u0103cut nev\u0103zute<br>bronzul, picioarele, soarele<br>apoi mi s-a f\u0103cut \u00eensp\u0103im\u00e2nt\u0103tor de frig<\/p>\n\n\n<div class=\"wp-block-image\">\n<figure class=\"aligncenter\"><img decoding=\"async\" loading=\"lazy\" width=\"900\" height=\"535\" src=\"http:\/\/www.bristena.eu\/wp-content\/uploads\/2014\/10\/img258.jpg\" alt=\"img258\" class=\"wp-image-890\" srcset=\"http:\/\/www.bristena.eu\/wp-content\/uploads\/2014\/10\/img258.jpg 900w, http:\/\/www.bristena.eu\/wp-content\/uploads\/2014\/10\/img258-300x178.jpg 300w, http:\/\/www.bristena.eu\/wp-content\/uploads\/2014\/10\/img258-800x475.jpg 800w\" sizes=\"(max-width: 900px) 100vw, 900px\" \/><\/figure><\/div>\n\n\n<p class=\"has-text-align-center\">a trecut deja ceva timp de c\u00e2nd nu l-am mai v\u0103zut deschiz\u00e2ndu-\u0219i ochii<br>diminea\u021ba<br>\u0219i mi-e dor<br>ar fi trebuit s\u0103 m\u0103 obi\u0219nuiesc deja<br>(c\u0103ci pentru asta-i septembrie)<br>a\u0219a-mi trebuie<br>m\u0103 avertizase de la \u00eenceput<br>iar eu m\u0103 f\u0103ceam c\u0103 nu aud<br>fredonam ceva melodie despre ochi colora\u021bi<\/p>\n\n\n<div class=\"wp-block-image\">\n<figure class=\"aligncenter\"><img decoding=\"async\" loading=\"lazy\" width=\"900\" height=\"533\" src=\"http:\/\/www.bristena.eu\/wp-content\/uploads\/2014\/10\/img257.jpg\" alt=\"img257\" class=\"wp-image-889\" srcset=\"http:\/\/www.bristena.eu\/wp-content\/uploads\/2014\/10\/img257.jpg 900w, http:\/\/www.bristena.eu\/wp-content\/uploads\/2014\/10\/img257-300x177.jpg 300w, http:\/\/www.bristena.eu\/wp-content\/uploads\/2014\/10\/img257-800x473.jpg 800w\" sizes=\"(max-width: 900px) 100vw, 900px\" \/><\/figure><\/div>\n\n<div class=\"wp-block-image\">\n<figure class=\"aligncenter\"><img decoding=\"async\" loading=\"lazy\" width=\"900\" height=\"530\" src=\"http:\/\/www.bristena.eu\/wp-content\/uploads\/2014\/10\/img262.jpg\" alt=\"img262\" class=\"wp-image-892\" srcset=\"http:\/\/www.bristena.eu\/wp-content\/uploads\/2014\/10\/img262.jpg 900w, http:\/\/www.bristena.eu\/wp-content\/uploads\/2014\/10\/img262-300x176.jpg 300w, http:\/\/www.bristena.eu\/wp-content\/uploads\/2014\/10\/img262-800x471.jpg 800w\" sizes=\"(max-width: 900px) 100vw, 900px\" \/><\/figure><\/div>\n\n\n<p class=\"has-text-align-center\">acum<br>s\u0103 nu te a\u0219tep\u021bi s\u0103-\u021bi recit poezia aia<br>a drumurilor \u00een zadar<br>\u0219i s\u0103-mi mai \u0219i p\u0103strez z\u00e2mbetul pe deasupra<br>mai bine a\u0219eaz\u0103-te<br>\u0219i alege culoarea \u00een care vrei s\u0103 te transformi<\/p>\n\n\n<div class=\"wp-block-image\">\n<figure class=\"aligncenter\"><img decoding=\"async\" loading=\"lazy\" width=\"900\" height=\"528\" src=\"http:\/\/www.bristena.eu\/wp-content\/uploads\/2014\/10\/img264.jpg\" alt=\"img264\" class=\"wp-image-893\" srcset=\"http:\/\/www.bristena.eu\/wp-content\/uploads\/2014\/10\/img264.jpg 900w, http:\/\/www.bristena.eu\/wp-content\/uploads\/2014\/10\/img264-300x176.jpg 300w, http:\/\/www.bristena.eu\/wp-content\/uploads\/2014\/10\/img264-800x469.jpg 800w\" sizes=\"(max-width: 900px) 100vw, 900px\" \/><\/figure><\/div>\n\n\n<p class=\"has-text-align-center\">apoi<br>ia-o la fug\u0103<br>c\u00e2t mai po\u021bi<br>\u00eenainte s\u0103 te \u00eendr\u0103goste\u0219ti pe \u00eentuneric<\/p>\n\n\n\n<p class=\"has-text-align-center\">august 2014,&nbsp;Vama Veche<br><i>cu un analog \u00eemprumutat \u0219i-un film de 7 lei<\/i><\/p>\n","protected":false},"excerpt":{"rendered":"<p>azimi s-a f\u0103cut un dor nebun de soareda, \u0219tiu, e octombriear fi trebuit s\u0103 m\u0103 obi\u0219nuiesc deja f\u0103r\u0103 el(c\u0103ci pentru asta-i septembrie)a\u0219a-mi trebuiem\u0103 avertizase de la \u00eenceputiar eu m\u0103 f\u0103ceam c\u0103 nu audfredonam ceva melodie despre m\u00e2ine \u0219i despre azi [&hellip;]<\/p>\n","protected":false},"author":1,"featured_media":887,"comment_status":"closed","ping_status":"open","sticky":false,"template":"","format":"standard","meta":[],"categories":[11],"tags":[],"yoast_head":"<!-- This site is optimized with the Yoast SEO plugin v20.12 - https:\/\/yoast.com\/wordpress\/plugins\/seo\/ -->\n<title>Revederi, la revederi - Bristena<\/title>\n<meta name=\"robots\" content=\"index, follow, max-snippet:-1, max-image-preview:large, max-video-preview:-1\" \/>\n<link rel=\"canonical\" href=\"http:\/\/www.bristena.eu\/index.php\/revederi-la-revederi\/\" \/>\n<meta property=\"og:locale\" content=\"en_US\" \/>\n<meta property=\"og:type\" content=\"article\" \/>\n<meta property=\"og:title\" content=\"Revederi, la revederi - Bristena\" \/>\n<meta property=\"og:description\" content=\"azimi s-a f\u0103cut un dor nebun de soareda, \u0219tiu, e octombriear fi trebuit s\u0103 m\u0103 obi\u0219nuiesc deja f\u0103r\u0103 el(c\u0103ci pentru asta-i septembrie)a\u0219a-mi trebuiem\u0103 avertizase de la \u00eenceputiar eu m\u0103 f\u0103ceam c\u0103 nu audfredonam ceva melodie despre m\u00e2ine \u0219i despre azi [&hellip;]\" \/>\n<meta property=\"og:url\" content=\"http:\/\/www.bristena.eu\/index.php\/revederi-la-revederi\/\" \/>\n<meta property=\"og:site_name\" content=\"Bristena\" \/>\n<meta property=\"article:published_time\" content=\"2014-10-06T21:34:23+00:00\" \/>\n<meta property=\"article:modified_time\" content=\"2023-08-02T09:39:53+00:00\" \/>\n<meta property=\"og:image\" content=\"http:\/\/www.bristena.eu\/wp-content\/uploads\/2014\/10\/img246.jpg\" \/>\n\t<meta property=\"og:image:width\" content=\"900\" \/>\n\t<meta property=\"og:image:height\" content=\"531\" \/>\n\t<meta property=\"og:image:type\" content=\"image\/jpeg\" \/>\n<meta name=\"author\" content=\"Bristena\" \/>\n<meta name=\"twitter:card\" content=\"summary_large_image\" \/>\n<meta name=\"twitter:label1\" content=\"Written by\" \/>\n\t<meta name=\"twitter:data1\" content=\"Bristena\" \/>\n\t<meta name=\"twitter:label2\" content=\"Est. reading time\" \/>\n\t<meta name=\"twitter:data2\" content=\"3 minutes\" \/>\n<script type=\"application\/ld+json\" class=\"yoast-schema-graph\">{\"@context\":\"https:\/\/schema.org\",\"@graph\":[{\"@type\":\"WebPage\",\"@id\":\"http:\/\/www.bristena.eu\/index.php\/revederi-la-revederi\/\",\"url\":\"http:\/\/www.bristena.eu\/index.php\/revederi-la-revederi\/\",\"name\":\"Revederi, la revederi - Bristena\",\"isPartOf\":{\"@id\":\"http:\/\/www.bristena.eu\/#website\"},\"datePublished\":\"2014-10-06T21:34:23+00:00\",\"dateModified\":\"2023-08-02T09:39:53+00:00\",\"author\":{\"@id\":\"http:\/\/www.bristena.eu\/#\/schema\/person\/8035d21b90bb0fe6eecca5f3071a8a73\"},\"breadcrumb\":{\"@id\":\"http:\/\/www.bristena.eu\/index.php\/revederi-la-revederi\/#breadcrumb\"},\"inLanguage\":\"en-US\",\"potentialAction\":[{\"@type\":\"ReadAction\",\"target\":[\"http:\/\/www.bristena.eu\/index.php\/revederi-la-revederi\/\"]}]},{\"@type\":\"BreadcrumbList\",\"@id\":\"http:\/\/www.bristena.eu\/index.php\/revederi-la-revederi\/#breadcrumb\",\"itemListElement\":[{\"@type\":\"ListItem\",\"position\":1,\"name\":\"Home\",\"item\":\"http:\/\/www.bristena.eu\/\"},{\"@type\":\"ListItem\",\"position\":2,\"name\":\"Revederi, la revederi\"}]},{\"@type\":\"WebSite\",\"@id\":\"http:\/\/www.bristena.eu\/#website\",\"url\":\"http:\/\/www.bristena.eu\/\",\"name\":\"Bristena\",\"description\":\"fotoreportaj\",\"potentialAction\":[{\"@type\":\"SearchAction\",\"target\":{\"@type\":\"EntryPoint\",\"urlTemplate\":\"http:\/\/www.bristena.eu\/?s={search_term_string}\"},\"query-input\":\"required name=search_term_string\"}],\"inLanguage\":\"en-US\"},{\"@type\":\"Person\",\"@id\":\"http:\/\/www.bristena.eu\/#\/schema\/person\/8035d21b90bb0fe6eecca5f3071a8a73\",\"name\":\"Bristena\",\"url\":\"http:\/\/www.bristena.eu\/index.php\/author\/bristena\/\"}]}<\/script>\n<!-- \/ Yoast SEO plugin. -->","yoast_head_json":{"title":"Revederi, la revederi - Bristena","robots":{"index":"index","follow":"follow","max-snippet":"max-snippet:-1","max-image-preview":"max-image-preview:large","max-video-preview":"max-video-preview:-1"},"canonical":"http:\/\/www.bristena.eu\/index.php\/revederi-la-revederi\/","og_locale":"en_US","og_type":"article","og_title":"Revederi, la revederi - Bristena","og_description":"azimi s-a f\u0103cut un dor nebun de soareda, \u0219tiu, e octombriear fi trebuit s\u0103 m\u0103 obi\u0219nuiesc deja f\u0103r\u0103 el(c\u0103ci pentru asta-i septembrie)a\u0219a-mi trebuiem\u0103 avertizase de la \u00eenceputiar eu m\u0103 f\u0103ceam c\u0103 nu audfredonam ceva melodie despre m\u00e2ine \u0219i despre azi [&hellip;]","og_url":"http:\/\/www.bristena.eu\/index.php\/revederi-la-revederi\/","og_site_name":"Bristena","article_published_time":"2014-10-06T21:34:23+00:00","article_modified_time":"2023-08-02T09:39:53+00:00","og_image":[{"width":900,"height":531,"url":"http:\/\/www.bristena.eu\/wp-content\/uploads\/2014\/10\/img246.jpg","type":"image\/jpeg"}],"author":"Bristena","twitter_card":"summary_large_image","twitter_misc":{"Written by":"Bristena","Est. reading time":"3 minutes"},"schema":{"@context":"https:\/\/schema.org","@graph":[{"@type":"WebPage","@id":"http:\/\/www.bristena.eu\/index.php\/revederi-la-revederi\/","url":"http:\/\/www.bristena.eu\/index.php\/revederi-la-revederi\/","name":"Revederi, la revederi - Bristena","isPartOf":{"@id":"http:\/\/www.bristena.eu\/#website"},"datePublished":"2014-10-06T21:34:23+00:00","dateModified":"2023-08-02T09:39:53+00:00","author":{"@id":"http:\/\/www.bristena.eu\/#\/schema\/person\/8035d21b90bb0fe6eecca5f3071a8a73"},"breadcrumb":{"@id":"http:\/\/www.bristena.eu\/index.php\/revederi-la-revederi\/#breadcrumb"},"inLanguage":"en-US","potentialAction":[{"@type":"ReadAction","target":["http:\/\/www.bristena.eu\/index.php\/revederi-la-revederi\/"]}]},{"@type":"BreadcrumbList","@id":"http:\/\/www.bristena.eu\/index.php\/revederi-la-revederi\/#breadcrumb","itemListElement":[{"@type":"ListItem","position":1,"name":"Home","item":"http:\/\/www.bristena.eu\/"},{"@type":"ListItem","position":2,"name":"Revederi, la revederi"}]},{"@type":"WebSite","@id":"http:\/\/www.bristena.eu\/#website","url":"http:\/\/www.bristena.eu\/","name":"Bristena","description":"fotoreportaj","potentialAction":[{"@type":"SearchAction","target":{"@type":"EntryPoint","urlTemplate":"http:\/\/www.bristena.eu\/?s={search_term_string}"},"query-input":"required name=search_term_string"}],"inLanguage":"en-US"},{"@type":"Person","@id":"http:\/\/www.bristena.eu\/#\/schema\/person\/8035d21b90bb0fe6eecca5f3071a8a73","name":"Bristena","url":"http:\/\/www.bristena.eu\/index.php\/author\/bristena\/"}]}},"_links":{"self":[{"href":"http:\/\/www.bristena.eu\/index.php\/wp-json\/wp\/v2\/posts\/886"}],"collection":[{"href":"http:\/\/www.bristena.eu\/index.php\/wp-json\/wp\/v2\/posts"}],"about":[{"href":"http:\/\/www.bristena.eu\/index.php\/wp-json\/wp\/v2\/types\/post"}],"author":[{"embeddable":true,"href":"http:\/\/www.bristena.eu\/index.php\/wp-json\/wp\/v2\/users\/1"}],"replies":[{"embeddable":true,"href":"http:\/\/www.bristena.eu\/index.php\/wp-json\/wp\/v2\/comments?post=886"}],"version-history":[{"count":2,"href":"http:\/\/www.bristena.eu\/index.php\/wp-json\/wp\/v2\/posts\/886\/revisions"}],"predecessor-version":[{"id":6309,"href":"http:\/\/www.bristena.eu\/index.php\/wp-json\/wp\/v2\/posts\/886\/revisions\/6309"}],"wp:featuredmedia":[{"embeddable":true,"href":"http:\/\/www.bristena.eu\/index.php\/wp-json\/wp\/v2\/media\/887"}],"wp:attachment":[{"href":"http:\/\/www.bristena.eu\/index.php\/wp-json\/wp\/v2\/media?parent=886"}],"wp:term":[{"taxonomy":"category","embeddable":true,"href":"http:\/\/www.bristena.eu\/index.php\/wp-json\/wp\/v2\/categories?post=886"},{"taxonomy":"post_tag","embeddable":true,"href":"http:\/\/www.bristena.eu\/index.php\/wp-json\/wp\/v2\/tags?post=886"}],"curies":[{"name":"wp","href":"https:\/\/api.w.org\/{rel}","templated":true}]}}