{"id":3055,"date":"2016-03-02T16:00:57","date_gmt":"2016-03-02T14:00:57","guid":{"rendered":"http:\/\/www.bristena.eu\/?p=3055"},"modified":"2023-08-02T11:48:33","modified_gmt":"2023-08-02T08:48:33","slug":"vali-sirblues-racila-servus","status":"publish","type":"post","link":"http:\/\/www.bristena.eu\/index.php\/vali-sirblues-racila-servus\/","title":{"rendered":"Vali SirBlues Racila. Servus"},"content":{"rendered":"\n<p class=\"has-text-align-center\"><\/p>\n\n\n\n<p class=\"has-text-align-center\">nu mai \u0219tiu c\u00e2nd m-am \u00eendr\u0103gostit prima oar\u0103 de blues<br>\u0219i nici ce ascultasem mai exact<br>dar \u0219tiu de&nbsp;ce<br>\u0219i am f\u0103cut-o iremediabil<\/p>\n\n\n\n<p class=\"has-text-align-center\">e sincer\u0103, sim\u021bi asta p\u00e2n\u0103-n oase, dac\u0103 o sim\u021bi<br>\u0219i-o vezi pe fruntea&nbsp;tuturor celor care o c\u00e2nt\u0103<\/p>\n\n\n\n<p class=\"has-text-align-center\">Vali SirBlues Racil\u0103<br>serve\u0219te&nbsp;blues-ul<\/p>\n\n\n\n<p class=\"has-text-align-center\">SirBlues e \u00een loc de Servus<\/p>\n\n\n\n<p class=\"has-text-align-center\">\u201d\u00eemi pare r\u0103u c\u0103 trebuie s\u0103 pleca\u021bi<br>dar s-o g\u0103tat\u201d<\/p>\n\n\n\n<p class=\"has-text-align-center\">26 februarie 2016, T\u00e2rgu-Mure\u0219<\/p>\n\n\n<div class=\"wp-block-image\">\n<figure class=\"aligncenter\"><img decoding=\"async\" loading=\"lazy\" width=\"900\" height=\"600\" src=\"http:\/\/www.bristena.eu\/wp-content\/uploads\/2016\/03\/01.jpg\" alt=\"01\" class=\"wp-image-3056\" srcset=\"http:\/\/www.bristena.eu\/wp-content\/uploads\/2016\/03\/01.jpg 900w, http:\/\/www.bristena.eu\/wp-content\/uploads\/2016\/03\/01-300x200.jpg 300w\" sizes=\"(max-width: 900px) 100vw, 900px\" \/><\/figure><\/div>\n\n<div class=\"wp-block-image\">\n<figure class=\"aligncenter\"><img decoding=\"async\" loading=\"lazy\" width=\"900\" height=\"600\" src=\"http:\/\/www.bristena.eu\/wp-content\/uploads\/2016\/03\/02.jpg\" alt=\"02\" class=\"wp-image-3057\" srcset=\"http:\/\/www.bristena.eu\/wp-content\/uploads\/2016\/03\/02.jpg 900w, http:\/\/www.bristena.eu\/wp-content\/uploads\/2016\/03\/02-300x200.jpg 300w\" sizes=\"(max-width: 900px) 100vw, 900px\" \/><\/figure><\/div>\n\n\n<p class=\"has-text-align-center\"><\/p>\n\n\n<div class=\"wp-block-image\">\n<figure class=\"aligncenter\"><img decoding=\"async\" loading=\"lazy\" width=\"900\" height=\"600\" src=\"http:\/\/www.bristena.eu\/wp-content\/uploads\/2016\/03\/03.jpg\" alt=\"03\" class=\"wp-image-3058\" srcset=\"http:\/\/www.bristena.eu\/wp-content\/uploads\/2016\/03\/03.jpg 900w, http:\/\/www.bristena.eu\/wp-content\/uploads\/2016\/03\/03-300x200.jpg 300w\" sizes=\"(max-width: 900px) 100vw, 900px\" \/><\/figure><\/div>\n\n\n<p class=\"has-text-align-center\"><\/p>\n\n\n<div class=\"wp-block-image\">\n<figure class=\"aligncenter\"><img decoding=\"async\" loading=\"lazy\" width=\"900\" height=\"600\" src=\"http:\/\/www.bristena.eu\/wp-content\/uploads\/2016\/03\/04.jpg\" alt=\"04\" class=\"wp-image-3059\" srcset=\"http:\/\/www.bristena.eu\/wp-content\/uploads\/2016\/03\/04.jpg 900w, http:\/\/www.bristena.eu\/wp-content\/uploads\/2016\/03\/04-300x200.jpg 300w\" sizes=\"(max-width: 900px) 100vw, 900px\" \/><\/figure><\/div>\n\n\n<p class=\"has-text-align-center\"><\/p>\n\n\n<div class=\"wp-block-image\">\n<figure class=\"aligncenter\"><img decoding=\"async\" loading=\"lazy\" width=\"900\" height=\"600\" src=\"http:\/\/www.bristena.eu\/wp-content\/uploads\/2016\/03\/05.jpg\" alt=\"05\" class=\"wp-image-3060\" srcset=\"http:\/\/www.bristena.eu\/wp-content\/uploads\/2016\/03\/05.jpg 900w, http:\/\/www.bristena.eu\/wp-content\/uploads\/2016\/03\/05-300x200.jpg 300w\" sizes=\"(max-width: 900px) 100vw, 900px\" \/><\/figure><\/div>\n\n\n<p class=\"has-text-align-center\"><\/p>\n\n\n<div class=\"wp-block-image\">\n<figure class=\"aligncenter\"><img decoding=\"async\" loading=\"lazy\" width=\"900\" height=\"600\" src=\"http:\/\/www.bristena.eu\/wp-content\/uploads\/2016\/03\/06.jpg\" alt=\"06\" class=\"wp-image-3061\" srcset=\"http:\/\/www.bristena.eu\/wp-content\/uploads\/2016\/03\/06.jpg 900w, http:\/\/www.bristena.eu\/wp-content\/uploads\/2016\/03\/06-300x200.jpg 300w\" sizes=\"(max-width: 900px) 100vw, 900px\" \/><\/figure><\/div>\n\n\n<p class=\"has-text-align-center\"><\/p>\n\n\n<div class=\"wp-block-image\">\n<figure class=\"aligncenter\"><img decoding=\"async\" loading=\"lazy\" width=\"900\" height=\"600\" src=\"http:\/\/www.bristena.eu\/wp-content\/uploads\/2016\/03\/07.jpg\" alt=\"07\" class=\"wp-image-3062\" srcset=\"http:\/\/www.bristena.eu\/wp-content\/uploads\/2016\/03\/07.jpg 900w, http:\/\/www.bristena.eu\/wp-content\/uploads\/2016\/03\/07-300x200.jpg 300w\" sizes=\"(max-width: 900px) 100vw, 900px\" \/><\/figure><\/div>\n\n\n<p class=\"has-text-align-center\"><\/p>\n\n\n<div class=\"wp-block-image\">\n<figure class=\"aligncenter\"><img decoding=\"async\" loading=\"lazy\" width=\"900\" height=\"600\" src=\"http:\/\/www.bristena.eu\/wp-content\/uploads\/2016\/03\/08.jpg\" alt=\"08\" class=\"wp-image-3063\" srcset=\"http:\/\/www.bristena.eu\/wp-content\/uploads\/2016\/03\/08.jpg 900w, http:\/\/www.bristena.eu\/wp-content\/uploads\/2016\/03\/08-300x200.jpg 300w\" sizes=\"(max-width: 900px) 100vw, 900px\" \/><\/figure><\/div>\n\n\n<p class=\"has-text-align-center\"><\/p>\n\n\n<div class=\"wp-block-image\">\n<figure class=\"aligncenter\"><img decoding=\"async\" loading=\"lazy\" width=\"900\" height=\"600\" src=\"http:\/\/www.bristena.eu\/wp-content\/uploads\/2016\/03\/09.jpg\" alt=\"09\" class=\"wp-image-3064\" srcset=\"http:\/\/www.bristena.eu\/wp-content\/uploads\/2016\/03\/09.jpg 900w, http:\/\/www.bristena.eu\/wp-content\/uploads\/2016\/03\/09-300x200.jpg 300w\" sizes=\"(max-width: 900px) 100vw, 900px\" \/><\/figure><\/div>\n\n\n<p class=\"has-text-align-center\"><\/p>\n\n\n<div class=\"wp-block-image\">\n<figure class=\"aligncenter\"><img decoding=\"async\" loading=\"lazy\" width=\"900\" height=\"600\" src=\"http:\/\/www.bristena.eu\/wp-content\/uploads\/2016\/03\/10.jpg\" alt=\"10\" class=\"wp-image-3065\" srcset=\"http:\/\/www.bristena.eu\/wp-content\/uploads\/2016\/03\/10.jpg 900w, http:\/\/www.bristena.eu\/wp-content\/uploads\/2016\/03\/10-300x200.jpg 300w\" sizes=\"(max-width: 900px) 100vw, 900px\" \/><\/figure><\/div>\n\n\n<p class=\"has-text-align-center\"><\/p>\n\n\n<div class=\"wp-block-image\">\n<figure class=\"aligncenter\"><img decoding=\"async\" loading=\"lazy\" width=\"900\" height=\"600\" src=\"http:\/\/www.bristena.eu\/wp-content\/uploads\/2016\/03\/11.jpg\" alt=\"11\" class=\"wp-image-3066\" srcset=\"http:\/\/www.bristena.eu\/wp-content\/uploads\/2016\/03\/11.jpg 900w, http:\/\/www.bristena.eu\/wp-content\/uploads\/2016\/03\/11-300x200.jpg 300w\" sizes=\"(max-width: 900px) 100vw, 900px\" \/><\/figure><\/div>\n\n\n<p class=\"has-text-align-center\"><\/p>\n\n\n<div class=\"wp-block-image\">\n<figure class=\"aligncenter\"><img decoding=\"async\" loading=\"lazy\" width=\"900\" height=\"600\" src=\"http:\/\/www.bristena.eu\/wp-content\/uploads\/2016\/03\/11b.jpg\" alt=\"11b\" class=\"wp-image-3067\" srcset=\"http:\/\/www.bristena.eu\/wp-content\/uploads\/2016\/03\/11b.jpg 900w, http:\/\/www.bristena.eu\/wp-content\/uploads\/2016\/03\/11b-300x200.jpg 300w\" sizes=\"(max-width: 900px) 100vw, 900px\" \/><\/figure><\/div>\n\n\n<p class=\"has-text-align-center\"><\/p>\n\n\n<div class=\"wp-block-image\">\n<figure class=\"aligncenter\"><img decoding=\"async\" loading=\"lazy\" width=\"900\" height=\"600\" src=\"http:\/\/www.bristena.eu\/wp-content\/uploads\/2016\/03\/12.jpg\" alt=\"12\" class=\"wp-image-3068\" srcset=\"http:\/\/www.bristena.eu\/wp-content\/uploads\/2016\/03\/12.jpg 900w, http:\/\/www.bristena.eu\/wp-content\/uploads\/2016\/03\/12-300x200.jpg 300w\" sizes=\"(max-width: 900px) 100vw, 900px\" \/><\/figure><\/div>\n\n\n<p class=\"has-text-align-center\"><\/p>\n\n\n<div class=\"wp-block-image\">\n<figure class=\"aligncenter\"><img decoding=\"async\" loading=\"lazy\" width=\"900\" height=\"600\" src=\"http:\/\/www.bristena.eu\/wp-content\/uploads\/2016\/03\/13.jpg\" alt=\"13\" class=\"wp-image-3069\" srcset=\"http:\/\/www.bristena.eu\/wp-content\/uploads\/2016\/03\/13.jpg 900w, http:\/\/www.bristena.eu\/wp-content\/uploads\/2016\/03\/13-300x200.jpg 300w\" sizes=\"(max-width: 900px) 100vw, 900px\" \/><\/figure><\/div>\n\n\n<p class=\"has-text-align-center\"><\/p>\n\n\n<div class=\"wp-block-image\">\n<figure class=\"aligncenter\"><img decoding=\"async\" loading=\"lazy\" width=\"900\" height=\"600\" src=\"http:\/\/www.bristena.eu\/wp-content\/uploads\/2016\/03\/14.jpg\" alt=\"14\" class=\"wp-image-3070\" srcset=\"http:\/\/www.bristena.eu\/wp-content\/uploads\/2016\/03\/14.jpg 900w, http:\/\/www.bristena.eu\/wp-content\/uploads\/2016\/03\/14-300x200.jpg 300w\" sizes=\"(max-width: 900px) 100vw, 900px\" \/><\/figure><\/div>\n\n\n<p class=\"has-text-align-center\"><\/p>\n\n\n<div class=\"wp-block-image\">\n<figure class=\"aligncenter\"><img decoding=\"async\" loading=\"lazy\" width=\"900\" height=\"600\" src=\"http:\/\/www.bristena.eu\/wp-content\/uploads\/2016\/03\/15.jpg\" alt=\"15\" class=\"wp-image-3071\" srcset=\"http:\/\/www.bristena.eu\/wp-content\/uploads\/2016\/03\/15.jpg 900w, http:\/\/www.bristena.eu\/wp-content\/uploads\/2016\/03\/15-300x200.jpg 300w\" sizes=\"(max-width: 900px) 100vw, 900px\" \/><\/figure><\/div>\n\n\n<p class=\"has-text-align-center\"><\/p>\n\n\n<div class=\"wp-block-image\">\n<figure class=\"aligncenter\"><img decoding=\"async\" loading=\"lazy\" width=\"900\" height=\"600\" src=\"http:\/\/www.bristena.eu\/wp-content\/uploads\/2016\/03\/16.jpg\" alt=\"16\" class=\"wp-image-3072\" srcset=\"http:\/\/www.bristena.eu\/wp-content\/uploads\/2016\/03\/16.jpg 900w, http:\/\/www.bristena.eu\/wp-content\/uploads\/2016\/03\/16-300x200.jpg 300w\" sizes=\"(max-width: 900px) 100vw, 900px\" \/><\/figure><\/div>\n\n\n<p class=\"has-text-align-center\"><\/p>\n\n\n<div class=\"wp-block-image\">\n<figure class=\"aligncenter\"><img decoding=\"async\" loading=\"lazy\" width=\"900\" height=\"600\" src=\"http:\/\/www.bristena.eu\/wp-content\/uploads\/2016\/03\/17.jpg\" alt=\"17\" class=\"wp-image-3073\" srcset=\"http:\/\/www.bristena.eu\/wp-content\/uploads\/2016\/03\/17.jpg 900w, http:\/\/www.bristena.eu\/wp-content\/uploads\/2016\/03\/17-300x200.jpg 300w\" sizes=\"(max-width: 900px) 100vw, 900px\" \/><\/figure><\/div>\n\n\n<p class=\"has-text-align-center\"><\/p>\n\n\n<div class=\"wp-block-image\">\n<figure class=\"aligncenter\"><img decoding=\"async\" loading=\"lazy\" width=\"900\" height=\"600\" src=\"http:\/\/www.bristena.eu\/wp-content\/uploads\/2016\/03\/18.jpg\" alt=\"18\" class=\"wp-image-3074\" srcset=\"http:\/\/www.bristena.eu\/wp-content\/uploads\/2016\/03\/18.jpg 900w, http:\/\/www.bristena.eu\/wp-content\/uploads\/2016\/03\/18-300x200.jpg 300w\" sizes=\"(max-width: 900px) 100vw, 900px\" \/><\/figure><\/div>\n\n\n<p class=\"has-text-align-center\"><\/p>\n\n\n<div class=\"wp-block-image\">\n<figure class=\"aligncenter\"><img decoding=\"async\" loading=\"lazy\" width=\"900\" height=\"600\" src=\"http:\/\/www.bristena.eu\/wp-content\/uploads\/2016\/03\/19.jpg\" alt=\"19\" class=\"wp-image-3075\" srcset=\"http:\/\/www.bristena.eu\/wp-content\/uploads\/2016\/03\/19.jpg 900w, http:\/\/www.bristena.eu\/wp-content\/uploads\/2016\/03\/19-300x200.jpg 300w\" sizes=\"(max-width: 900px) 100vw, 900px\" \/><\/figure><\/div>\n\n\n<p class=\"has-text-align-center\"><\/p>\n\n\n<div class=\"wp-block-image\">\n<figure class=\"aligncenter\"><img decoding=\"async\" loading=\"lazy\" width=\"900\" height=\"600\" src=\"http:\/\/www.bristena.eu\/wp-content\/uploads\/2016\/03\/20.jpg\" alt=\"20\" class=\"wp-image-3076\" srcset=\"http:\/\/www.bristena.eu\/wp-content\/uploads\/2016\/03\/20.jpg 900w, http:\/\/www.bristena.eu\/wp-content\/uploads\/2016\/03\/20-300x200.jpg 300w\" sizes=\"(max-width: 900px) 100vw, 900px\" \/><\/figure><\/div>\n\n\n<p class=\"has-text-align-center\"><\/p>\n\n\n<div class=\"wp-block-image\">\n<figure class=\"aligncenter\"><img decoding=\"async\" loading=\"lazy\" width=\"900\" height=\"600\" src=\"http:\/\/www.bristena.eu\/wp-content\/uploads\/2016\/03\/21.jpg\" alt=\"21\" class=\"wp-image-3077\" srcset=\"http:\/\/www.bristena.eu\/wp-content\/uploads\/2016\/03\/21.jpg 900w, http:\/\/www.bristena.eu\/wp-content\/uploads\/2016\/03\/21-300x200.jpg 300w\" sizes=\"(max-width: 900px) 100vw, 900px\" \/><\/figure><\/div>\n\n\n<p class=\"has-text-align-center\"><\/p>\n\n\n<div class=\"wp-block-image\">\n<figure class=\"aligncenter\"><img decoding=\"async\" loading=\"lazy\" width=\"900\" height=\"600\" src=\"http:\/\/www.bristena.eu\/wp-content\/uploads\/2016\/03\/22.jpg\" alt=\"22\" class=\"wp-image-3078\" srcset=\"http:\/\/www.bristena.eu\/wp-content\/uploads\/2016\/03\/22.jpg 900w, http:\/\/www.bristena.eu\/wp-content\/uploads\/2016\/03\/22-300x200.jpg 300w\" sizes=\"(max-width: 900px) 100vw, 900px\" \/><\/figure><\/div>\n\n\n<p class=\"has-text-align-center\"><\/p>\n\n\n\n<p class=\"has-text-align-center\">\u00a9Cristina G\u00c2NJ | Bristena Photography<\/p>\n","protected":false},"excerpt":{"rendered":"<p>nu mai \u0219tiu c\u00e2nd m-am \u00eendr\u0103gostit prima oar\u0103 de blues\u0219i nici ce ascultasem mai exactdar \u0219tiu de&nbsp;ce\u0219i am f\u0103cut-o iremediabil e sincer\u0103, sim\u021bi asta p\u00e2n\u0103-n oase, dac\u0103 o sim\u021bi\u0219i-o vezi pe fruntea&nbsp;tuturor celor care o c\u00e2nt\u0103 Vali SirBlues Racil\u0103serve\u0219te&nbsp;blues-ul SirBlues [&hellip;]<\/p>\n","protected":false},"author":1,"featured_media":3056,"comment_status":"open","ping_status":"open","sticky":false,"template":"","format":"standard","meta":[],"categories":[111],"tags":[117,59,119,118,116],"yoast_head":"<!-- This site is optimized with the Yoast SEO plugin v20.12 - https:\/\/yoast.com\/wordpress\/plugins\/seo\/ -->\n<title>Vali SirBlues Racila. Servus - Bristena<\/title>\n<meta name=\"robots\" content=\"index, follow, max-snippet:-1, max-image-preview:large, max-video-preview:-1\" \/>\n<link rel=\"canonical\" href=\"http:\/\/www.bristena.eu\/index.php\/vali-sirblues-racila-servus\/\" \/>\n<meta property=\"og:locale\" content=\"en_US\" \/>\n<meta property=\"og:type\" content=\"article\" \/>\n<meta property=\"og:title\" content=\"Vali SirBlues Racila. Servus - Bristena\" \/>\n<meta property=\"og:description\" content=\"nu mai \u0219tiu c\u00e2nd m-am \u00eendr\u0103gostit prima oar\u0103 de blues\u0219i nici ce ascultasem mai exactdar \u0219tiu de&nbsp;ce\u0219i am f\u0103cut-o iremediabil e sincer\u0103, sim\u021bi asta p\u00e2n\u0103-n oase, dac\u0103 o sim\u021bi\u0219i-o vezi pe fruntea&nbsp;tuturor celor care o c\u00e2nt\u0103 Vali SirBlues Racil\u0103serve\u0219te&nbsp;blues-ul SirBlues [&hellip;]\" \/>\n<meta property=\"og:url\" content=\"http:\/\/www.bristena.eu\/index.php\/vali-sirblues-racila-servus\/\" \/>\n<meta property=\"og:site_name\" content=\"Bristena\" \/>\n<meta property=\"article:published_time\" content=\"2016-03-02T14:00:57+00:00\" \/>\n<meta property=\"article:modified_time\" content=\"2023-08-02T08:48:33+00:00\" \/>\n<meta property=\"og:image\" content=\"http:\/\/www.bristena.eu\/wp-content\/uploads\/2016\/03\/01.jpg\" \/>\n\t<meta property=\"og:image:width\" content=\"900\" \/>\n\t<meta property=\"og:image:height\" content=\"600\" \/>\n\t<meta property=\"og:image:type\" content=\"image\/jpeg\" \/>\n<meta name=\"author\" content=\"Bristena\" \/>\n<meta name=\"twitter:card\" content=\"summary_large_image\" \/>\n<meta name=\"twitter:label1\" content=\"Written by\" \/>\n\t<meta name=\"twitter:data1\" content=\"Bristena\" \/>\n\t<meta name=\"twitter:label2\" content=\"Est. reading time\" \/>\n\t<meta name=\"twitter:data2\" content=\"5 minutes\" \/>\n<script type=\"application\/ld+json\" class=\"yoast-schema-graph\">{\"@context\":\"https:\/\/schema.org\",\"@graph\":[{\"@type\":\"WebPage\",\"@id\":\"http:\/\/www.bristena.eu\/index.php\/vali-sirblues-racila-servus\/\",\"url\":\"http:\/\/www.bristena.eu\/index.php\/vali-sirblues-racila-servus\/\",\"name\":\"Vali SirBlues Racila. Servus - Bristena\",\"isPartOf\":{\"@id\":\"http:\/\/www.bristena.eu\/#website\"},\"datePublished\":\"2016-03-02T14:00:57+00:00\",\"dateModified\":\"2023-08-02T08:48:33+00:00\",\"author\":{\"@id\":\"http:\/\/www.bristena.eu\/#\/schema\/person\/8035d21b90bb0fe6eecca5f3071a8a73\"},\"breadcrumb\":{\"@id\":\"http:\/\/www.bristena.eu\/index.php\/vali-sirblues-racila-servus\/#breadcrumb\"},\"inLanguage\":\"en-US\",\"potentialAction\":[{\"@type\":\"ReadAction\",\"target\":[\"http:\/\/www.bristena.eu\/index.php\/vali-sirblues-racila-servus\/\"]}]},{\"@type\":\"BreadcrumbList\",\"@id\":\"http:\/\/www.bristena.eu\/index.php\/vali-sirblues-racila-servus\/#breadcrumb\",\"itemListElement\":[{\"@type\":\"ListItem\",\"position\":1,\"name\":\"Home\",\"item\":\"http:\/\/www.bristena.eu\/\"},{\"@type\":\"ListItem\",\"position\":2,\"name\":\"Vali SirBlues Racila. Servus\"}]},{\"@type\":\"WebSite\",\"@id\":\"http:\/\/www.bristena.eu\/#website\",\"url\":\"http:\/\/www.bristena.eu\/\",\"name\":\"Bristena\",\"description\":\"fotoreportaj\",\"potentialAction\":[{\"@type\":\"SearchAction\",\"target\":{\"@type\":\"EntryPoint\",\"urlTemplate\":\"http:\/\/www.bristena.eu\/?s={search_term_string}\"},\"query-input\":\"required name=search_term_string\"}],\"inLanguage\":\"en-US\"},{\"@type\":\"Person\",\"@id\":\"http:\/\/www.bristena.eu\/#\/schema\/person\/8035d21b90bb0fe6eecca5f3071a8a73\",\"name\":\"Bristena\",\"url\":\"http:\/\/www.bristena.eu\/index.php\/author\/bristena\/\"}]}<\/script>\n<!-- \/ Yoast SEO plugin. -->","yoast_head_json":{"title":"Vali SirBlues Racila. Servus - Bristena","robots":{"index":"index","follow":"follow","max-snippet":"max-snippet:-1","max-image-preview":"max-image-preview:large","max-video-preview":"max-video-preview:-1"},"canonical":"http:\/\/www.bristena.eu\/index.php\/vali-sirblues-racila-servus\/","og_locale":"en_US","og_type":"article","og_title":"Vali SirBlues Racila. Servus - Bristena","og_description":"nu mai \u0219tiu c\u00e2nd m-am \u00eendr\u0103gostit prima oar\u0103 de blues\u0219i nici ce ascultasem mai exactdar \u0219tiu de&nbsp;ce\u0219i am f\u0103cut-o iremediabil e sincer\u0103, sim\u021bi asta p\u00e2n\u0103-n oase, dac\u0103 o sim\u021bi\u0219i-o vezi pe fruntea&nbsp;tuturor celor care o c\u00e2nt\u0103 Vali SirBlues Racil\u0103serve\u0219te&nbsp;blues-ul SirBlues [&hellip;]","og_url":"http:\/\/www.bristena.eu\/index.php\/vali-sirblues-racila-servus\/","og_site_name":"Bristena","article_published_time":"2016-03-02T14:00:57+00:00","article_modified_time":"2023-08-02T08:48:33+00:00","og_image":[{"width":900,"height":600,"url":"http:\/\/www.bristena.eu\/wp-content\/uploads\/2016\/03\/01.jpg","type":"image\/jpeg"}],"author":"Bristena","twitter_card":"summary_large_image","twitter_misc":{"Written by":"Bristena","Est. reading time":"5 minutes"},"schema":{"@context":"https:\/\/schema.org","@graph":[{"@type":"WebPage","@id":"http:\/\/www.bristena.eu\/index.php\/vali-sirblues-racila-servus\/","url":"http:\/\/www.bristena.eu\/index.php\/vali-sirblues-racila-servus\/","name":"Vali SirBlues Racila. Servus - Bristena","isPartOf":{"@id":"http:\/\/www.bristena.eu\/#website"},"datePublished":"2016-03-02T14:00:57+00:00","dateModified":"2023-08-02T08:48:33+00:00","author":{"@id":"http:\/\/www.bristena.eu\/#\/schema\/person\/8035d21b90bb0fe6eecca5f3071a8a73"},"breadcrumb":{"@id":"http:\/\/www.bristena.eu\/index.php\/vali-sirblues-racila-servus\/#breadcrumb"},"inLanguage":"en-US","potentialAction":[{"@type":"ReadAction","target":["http:\/\/www.bristena.eu\/index.php\/vali-sirblues-racila-servus\/"]}]},{"@type":"BreadcrumbList","@id":"http:\/\/www.bristena.eu\/index.php\/vali-sirblues-racila-servus\/#breadcrumb","itemListElement":[{"@type":"ListItem","position":1,"name":"Home","item":"http:\/\/www.bristena.eu\/"},{"@type":"ListItem","position":2,"name":"Vali SirBlues Racila. Servus"}]},{"@type":"WebSite","@id":"http:\/\/www.bristena.eu\/#website","url":"http:\/\/www.bristena.eu\/","name":"Bristena","description":"fotoreportaj","potentialAction":[{"@type":"SearchAction","target":{"@type":"EntryPoint","urlTemplate":"http:\/\/www.bristena.eu\/?s={search_term_string}"},"query-input":"required name=search_term_string"}],"inLanguage":"en-US"},{"@type":"Person","@id":"http:\/\/www.bristena.eu\/#\/schema\/person\/8035d21b90bb0fe6eecca5f3071a8a73","name":"Bristena","url":"http:\/\/www.bristena.eu\/index.php\/author\/bristena\/"}]}},"_links":{"self":[{"href":"http:\/\/www.bristena.eu\/index.php\/wp-json\/wp\/v2\/posts\/3055"}],"collection":[{"href":"http:\/\/www.bristena.eu\/index.php\/wp-json\/wp\/v2\/posts"}],"about":[{"href":"http:\/\/www.bristena.eu\/index.php\/wp-json\/wp\/v2\/types\/post"}],"author":[{"embeddable":true,"href":"http:\/\/www.bristena.eu\/index.php\/wp-json\/wp\/v2\/users\/1"}],"replies":[{"embeddable":true,"href":"http:\/\/www.bristena.eu\/index.php\/wp-json\/wp\/v2\/comments?post=3055"}],"version-history":[{"count":3,"href":"http:\/\/www.bristena.eu\/index.php\/wp-json\/wp\/v2\/posts\/3055\/revisions"}],"predecessor-version":[{"id":6272,"href":"http:\/\/www.bristena.eu\/index.php\/wp-json\/wp\/v2\/posts\/3055\/revisions\/6272"}],"wp:featuredmedia":[{"embeddable":true,"href":"http:\/\/www.bristena.eu\/index.php\/wp-json\/wp\/v2\/media\/3056"}],"wp:attachment":[{"href":"http:\/\/www.bristena.eu\/index.php\/wp-json\/wp\/v2\/media?parent=3055"}],"wp:term":[{"taxonomy":"category","embeddable":true,"href":"http:\/\/www.bristena.eu\/index.php\/wp-json\/wp\/v2\/categories?post=3055"},{"taxonomy":"post_tag","embeddable":true,"href":"http:\/\/www.bristena.eu\/index.php\/wp-json\/wp\/v2\/tags?post=3055"}],"curies":[{"name":"wp","href":"https:\/\/api.w.org\/{rel}","templated":true}]}}