{"id":2183,"date":"2015-05-06T18:14:05","date_gmt":"2015-05-06T15:14:05","guid":{"rendered":"http:\/\/www.bristena.eu\/?p=2183"},"modified":"2023-08-02T12:23:58","modified_gmt":"2023-08-02T09:23:58","slug":"crize-de-mihai-ignat-regia-aleksandar-ivanovski","status":"publish","type":"post","link":"http:\/\/www.bristena.eu\/index.php\/crize-de-mihai-ignat-regia-aleksandar-ivanovski\/","title":{"rendered":"Crize, de Mihai Ignat. Regia Aleksandar Ivanovski"},"content":{"rendered":"\n<p class=\"has-text-align-center\"><em>&#8230;sau alt\u0103 poveste de dragoste<\/em><\/p>\n\n\n\n<p class=\"has-text-align-center\">(\u2665)<\/p>\n\n\n\n<p class=\"has-text-align-center\">Regia artistic\u0103: Aleksandar Ivanovski<\/p>\n\n\n\n<p class=\"has-text-align-center\">Decor \u015fi costume: Cosmin Ardeleanu<br>Muzica: Sashko Kostov<br>Coregrafie: Ruszuly Ervin<br>Regia tehnic\u0103: Stelian Chi\u0163acu<br>Sufleur: Dana Ar\u0163uche<\/p>\n\n\n\n<p class=\"has-text-align-center\">Distribu\u0163ia:<br>Ei &#8211; Nicolae Cristache\/<wbr>Ion V\u00e2ntu, Rare\u015f Budileanu, Alexandru-Andrei Chiran<br>Ele &#8211; Delia Martin, Anca Loghin, Georgiana Ghergu, Mihaela Mihai<\/p>\n\n\n\n<p class=\"has-text-align-center\">Premiera, 22 aprilie 2015,&nbsp;<strong>Teatrul Na\u021bional T\u00e2rgu-Mure\u0219<\/strong><\/p>\n\n\n<div class=\"wp-block-image\">\n<figure class=\"aligncenter\"><img decoding=\"async\" loading=\"lazy\" width=\"900\" height=\"600\" src=\"http:\/\/www.bristena.eu\/wp-content\/uploads\/2015\/11\/01.jpg\" alt=\"01\" class=\"wp-image-2187\" srcset=\"http:\/\/www.bristena.eu\/wp-content\/uploads\/2015\/11\/01.jpg 900w, http:\/\/www.bristena.eu\/wp-content\/uploads\/2015\/11\/01-300x200.jpg 300w\" sizes=\"(max-width: 900px) 100vw, 900px\" \/><\/figure><\/div>\n\n<div class=\"wp-block-image\">\n<figure class=\"aligncenter\"><img decoding=\"async\" loading=\"lazy\" width=\"900\" height=\"600\" src=\"http:\/\/www.bristena.eu\/wp-content\/uploads\/2015\/11\/IMG_0724.jpg\" alt=\"IMG_0724\" class=\"wp-image-2188\" srcset=\"http:\/\/www.bristena.eu\/wp-content\/uploads\/2015\/11\/IMG_0724.jpg 900w, http:\/\/www.bristena.eu\/wp-content\/uploads\/2015\/11\/IMG_0724-300x200.jpg 300w\" sizes=\"(max-width: 900px) 100vw, 900px\" \/><\/figure><\/div>\n\n<div class=\"wp-block-image\">\n<figure class=\"aligncenter\"><img decoding=\"async\" loading=\"lazy\" width=\"900\" height=\"600\" src=\"http:\/\/www.bristena.eu\/wp-content\/uploads\/2015\/11\/IMG_0746.jpg\" alt=\"IMG_0746\" class=\"wp-image-2189\" srcset=\"http:\/\/www.bristena.eu\/wp-content\/uploads\/2015\/11\/IMG_0746.jpg 900w, http:\/\/www.bristena.eu\/wp-content\/uploads\/2015\/11\/IMG_0746-300x200.jpg 300w\" sizes=\"(max-width: 900px) 100vw, 900px\" \/><\/figure><\/div>\n\n<div class=\"wp-block-image\">\n<figure class=\"aligncenter\"><img decoding=\"async\" loading=\"lazy\" width=\"900\" height=\"600\" src=\"http:\/\/www.bristena.eu\/wp-content\/uploads\/2015\/11\/IMG_0751.jpg\" alt=\"IMG_0751\" class=\"wp-image-2190\" srcset=\"http:\/\/www.bristena.eu\/wp-content\/uploads\/2015\/11\/IMG_0751.jpg 900w, http:\/\/www.bristena.eu\/wp-content\/uploads\/2015\/11\/IMG_0751-300x200.jpg 300w\" sizes=\"(max-width: 900px) 100vw, 900px\" \/><\/figure><\/div>\n\n<div class=\"wp-block-image\">\n<figure class=\"aligncenter\"><img decoding=\"async\" loading=\"lazy\" width=\"900\" height=\"600\" src=\"http:\/\/www.bristena.eu\/wp-content\/uploads\/2015\/11\/IMG_0756.jpg\" alt=\"IMG_0756\" class=\"wp-image-2191\" srcset=\"http:\/\/www.bristena.eu\/wp-content\/uploads\/2015\/11\/IMG_0756.jpg 900w, http:\/\/www.bristena.eu\/wp-content\/uploads\/2015\/11\/IMG_0756-300x200.jpg 300w\" sizes=\"(max-width: 900px) 100vw, 900px\" \/><\/figure><\/div>\n\n<div class=\"wp-block-image\">\n<figure class=\"aligncenter\"><img decoding=\"async\" loading=\"lazy\" width=\"900\" height=\"600\" src=\"http:\/\/www.bristena.eu\/wp-content\/uploads\/2015\/11\/IMG_0771.jpg\" alt=\"IMG_0771\" class=\"wp-image-2192\" srcset=\"http:\/\/www.bristena.eu\/wp-content\/uploads\/2015\/11\/IMG_0771.jpg 900w, http:\/\/www.bristena.eu\/wp-content\/uploads\/2015\/11\/IMG_0771-300x200.jpg 300w\" sizes=\"(max-width: 900px) 100vw, 900px\" \/><\/figure><\/div>\n\n<div class=\"wp-block-image\">\n<figure class=\"aligncenter\"><img decoding=\"async\" loading=\"lazy\" width=\"900\" height=\"600\" src=\"http:\/\/www.bristena.eu\/wp-content\/uploads\/2015\/11\/IMG_0779.jpg\" alt=\"IMG_0779\" class=\"wp-image-2193\" srcset=\"http:\/\/www.bristena.eu\/wp-content\/uploads\/2015\/11\/IMG_0779.jpg 900w, http:\/\/www.bristena.eu\/wp-content\/uploads\/2015\/11\/IMG_0779-300x200.jpg 300w\" sizes=\"(max-width: 900px) 100vw, 900px\" \/><\/figure><\/div>\n\n<div class=\"wp-block-image\">\n<figure class=\"aligncenter\"><img decoding=\"async\" loading=\"lazy\" width=\"900\" height=\"600\" src=\"http:\/\/www.bristena.eu\/wp-content\/uploads\/2015\/11\/IMG_0791.jpg\" alt=\"IMG_0791\" class=\"wp-image-2194\" srcset=\"http:\/\/www.bristena.eu\/wp-content\/uploads\/2015\/11\/IMG_0791.jpg 900w, http:\/\/www.bristena.eu\/wp-content\/uploads\/2015\/11\/IMG_0791-300x200.jpg 300w\" sizes=\"(max-width: 900px) 100vw, 900px\" \/><\/figure><\/div>\n\n<div class=\"wp-block-image\">\n<figure class=\"aligncenter\"><img decoding=\"async\" loading=\"lazy\" width=\"900\" height=\"600\" src=\"http:\/\/www.bristena.eu\/wp-content\/uploads\/2015\/11\/IMG_0806.jpg\" alt=\"IMG_0806\" class=\"wp-image-2195\" srcset=\"http:\/\/www.bristena.eu\/wp-content\/uploads\/2015\/11\/IMG_0806.jpg 900w, http:\/\/www.bristena.eu\/wp-content\/uploads\/2015\/11\/IMG_0806-300x200.jpg 300w\" sizes=\"(max-width: 900px) 100vw, 900px\" \/><\/figure><\/div>\n\n<div class=\"wp-block-image\">\n<figure class=\"aligncenter\"><img decoding=\"async\" loading=\"lazy\" width=\"900\" height=\"600\" src=\"http:\/\/www.bristena.eu\/wp-content\/uploads\/2015\/11\/IMG_0812.jpg\" alt=\"IMG_0812\" class=\"wp-image-2196\" srcset=\"http:\/\/www.bristena.eu\/wp-content\/uploads\/2015\/11\/IMG_0812.jpg 900w, http:\/\/www.bristena.eu\/wp-content\/uploads\/2015\/11\/IMG_0812-300x200.jpg 300w\" sizes=\"(max-width: 900px) 100vw, 900px\" \/><\/figure><\/div>\n\n<div class=\"wp-block-image\">\n<figure class=\"aligncenter\"><img decoding=\"async\" loading=\"lazy\" width=\"900\" height=\"600\" src=\"http:\/\/www.bristena.eu\/wp-content\/uploads\/2015\/11\/IMG_0841.jpg\" alt=\"IMG_0841\" class=\"wp-image-2198\" srcset=\"http:\/\/www.bristena.eu\/wp-content\/uploads\/2015\/11\/IMG_0841.jpg 900w, http:\/\/www.bristena.eu\/wp-content\/uploads\/2015\/11\/IMG_0841-300x200.jpg 300w\" sizes=\"(max-width: 900px) 100vw, 900px\" \/><\/figure><\/div>\n\n\n<p class=\"has-text-align-center\"><\/p>\n\n\n<div class=\"wp-block-image\">\n<figure class=\"aligncenter\"><img decoding=\"async\" loading=\"lazy\" width=\"900\" height=\"600\" src=\"http:\/\/www.bristena.eu\/wp-content\/uploads\/2015\/11\/IMG_0822.jpg\" alt=\"IMG_0822\" class=\"wp-image-2197\" srcset=\"http:\/\/www.bristena.eu\/wp-content\/uploads\/2015\/11\/IMG_0822.jpg 900w, http:\/\/www.bristena.eu\/wp-content\/uploads\/2015\/11\/IMG_0822-300x200.jpg 300w\" sizes=\"(max-width: 900px) 100vw, 900px\" \/><\/figure><\/div>\n\n<div class=\"wp-block-image\">\n<figure class=\"aligncenter\"><img decoding=\"async\" loading=\"lazy\" width=\"900\" height=\"600\" src=\"http:\/\/www.bristena.eu\/wp-content\/uploads\/2015\/11\/IMG_0850.jpg\" alt=\"IMG_0850\" class=\"wp-image-2199\" srcset=\"http:\/\/www.bristena.eu\/wp-content\/uploads\/2015\/11\/IMG_0850.jpg 900w, http:\/\/www.bristena.eu\/wp-content\/uploads\/2015\/11\/IMG_0850-300x200.jpg 300w\" sizes=\"(max-width: 900px) 100vw, 900px\" \/><\/figure><\/div>\n\n<div class=\"wp-block-image\">\n<figure class=\"aligncenter\"><img decoding=\"async\" loading=\"lazy\" width=\"900\" height=\"600\" src=\"http:\/\/www.bristena.eu\/wp-content\/uploads\/2015\/11\/IMG_0860.jpg\" alt=\"IMG_0860\" class=\"wp-image-2200\" srcset=\"http:\/\/www.bristena.eu\/wp-content\/uploads\/2015\/11\/IMG_0860.jpg 900w, http:\/\/www.bristena.eu\/wp-content\/uploads\/2015\/11\/IMG_0860-300x200.jpg 300w\" sizes=\"(max-width: 900px) 100vw, 900px\" \/><\/figure><\/div>\n\n<div class=\"wp-block-image\">\n<figure class=\"aligncenter\"><img decoding=\"async\" loading=\"lazy\" width=\"900\" height=\"600\" src=\"http:\/\/www.bristena.eu\/wp-content\/uploads\/2015\/11\/IMG_0913.jpg\" alt=\"IMG_0913\" class=\"wp-image-2201\" srcset=\"http:\/\/www.bristena.eu\/wp-content\/uploads\/2015\/11\/IMG_0913.jpg 900w, http:\/\/www.bristena.eu\/wp-content\/uploads\/2015\/11\/IMG_0913-300x200.jpg 300w\" sizes=\"(max-width: 900px) 100vw, 900px\" \/><\/figure><\/div>\n\n<div class=\"wp-block-image\">\n<figure class=\"aligncenter\"><img decoding=\"async\" loading=\"lazy\" width=\"900\" height=\"600\" src=\"http:\/\/www.bristena.eu\/wp-content\/uploads\/2015\/11\/IMG_0972.jpg\" alt=\"IMG_0972\" class=\"wp-image-2202\" srcset=\"http:\/\/www.bristena.eu\/wp-content\/uploads\/2015\/11\/IMG_0972.jpg 900w, http:\/\/www.bristena.eu\/wp-content\/uploads\/2015\/11\/IMG_0972-300x200.jpg 300w\" sizes=\"(max-width: 900px) 100vw, 900px\" \/><\/figure><\/div>\n\n<div class=\"wp-block-image\">\n<figure class=\"aligncenter\"><img decoding=\"async\" loading=\"lazy\" width=\"900\" height=\"600\" src=\"http:\/\/www.bristena.eu\/wp-content\/uploads\/2015\/11\/IMG_0977.jpg\" alt=\"IMG_0977\" class=\"wp-image-2203\" srcset=\"http:\/\/www.bristena.eu\/wp-content\/uploads\/2015\/11\/IMG_0977.jpg 900w, http:\/\/www.bristena.eu\/wp-content\/uploads\/2015\/11\/IMG_0977-300x200.jpg 300w\" sizes=\"(max-width: 900px) 100vw, 900px\" \/><\/figure><\/div>\n\n<div class=\"wp-block-image\">\n<figure class=\"aligncenter\"><img decoding=\"async\" loading=\"lazy\" width=\"900\" height=\"600\" src=\"http:\/\/www.bristena.eu\/wp-content\/uploads\/2015\/11\/IMG_1001.jpg\" alt=\"IMG_1001\" class=\"wp-image-2204\" srcset=\"http:\/\/www.bristena.eu\/wp-content\/uploads\/2015\/11\/IMG_1001.jpg 900w, http:\/\/www.bristena.eu\/wp-content\/uploads\/2015\/11\/IMG_1001-300x200.jpg 300w\" sizes=\"(max-width: 900px) 100vw, 900px\" \/><\/figure><\/div>\n\n<div class=\"wp-block-image\">\n<figure class=\"aligncenter\"><img decoding=\"async\" loading=\"lazy\" width=\"900\" height=\"600\" src=\"http:\/\/www.bristena.eu\/wp-content\/uploads\/2015\/11\/IMG_1006.jpg\" alt=\"IMG_1006\" class=\"wp-image-2205\" srcset=\"http:\/\/www.bristena.eu\/wp-content\/uploads\/2015\/11\/IMG_1006.jpg 900w, http:\/\/www.bristena.eu\/wp-content\/uploads\/2015\/11\/IMG_1006-300x200.jpg 300w\" sizes=\"(max-width: 900px) 100vw, 900px\" \/><\/figure><\/div>\n\n<div class=\"wp-block-image\">\n<figure class=\"aligncenter\"><img decoding=\"async\" loading=\"lazy\" width=\"900\" height=\"600\" src=\"http:\/\/www.bristena.eu\/wp-content\/uploads\/2015\/05\/IMG_1006b.jpg\" alt=\"IMG_1006b\" class=\"wp-image-2278\" srcset=\"http:\/\/www.bristena.eu\/wp-content\/uploads\/2015\/05\/IMG_1006b.jpg 900w, http:\/\/www.bristena.eu\/wp-content\/uploads\/2015\/05\/IMG_1006b-300x200.jpg 300w\" sizes=\"(max-width: 900px) 100vw, 900px\" \/><\/figure><\/div>\n\n\n<p class=\"has-text-align-center\"><\/p>\n\n\n<div class=\"wp-block-image\">\n<figure class=\"aligncenter\"><img decoding=\"async\" loading=\"lazy\" width=\"900\" height=\"600\" src=\"http:\/\/www.bristena.eu\/wp-content\/uploads\/2015\/11\/IMG_1007.jpg\" alt=\"IMG_1007\" class=\"wp-image-2207\" srcset=\"http:\/\/www.bristena.eu\/wp-content\/uploads\/2015\/11\/IMG_1007.jpg 900w, http:\/\/www.bristena.eu\/wp-content\/uploads\/2015\/11\/IMG_1007-300x200.jpg 300w\" sizes=\"(max-width: 900px) 100vw, 900px\" \/><\/figure><\/div>\n\n\n<p class=\"has-text-align-center\"><\/p>\n\n\n<div class=\"wp-block-image\">\n<figure class=\"aligncenter\"><img decoding=\"async\" loading=\"lazy\" width=\"900\" height=\"600\" src=\"http:\/\/www.bristena.eu\/wp-content\/uploads\/2015\/11\/IMG_2401.jpg\" alt=\"mihai ignat\" class=\"wp-image-2208\" srcset=\"http:\/\/www.bristena.eu\/wp-content\/uploads\/2015\/11\/IMG_2401.jpg 900w, http:\/\/www.bristena.eu\/wp-content\/uploads\/2015\/11\/IMG_2401-300x200.jpg 300w\" sizes=\"(max-width: 900px) 100vw, 900px\" \/><\/figure><\/div>\n\n<div class=\"wp-block-image\">\n<figure class=\"aligncenter\"><img decoding=\"async\" loading=\"lazy\" width=\"900\" height=\"600\" src=\"http:\/\/www.bristena.eu\/wp-content\/uploads\/2015\/11\/j-IMG_0720.jpg\" alt=\"cosmin ardeleanu\" class=\"wp-image-2209\" srcset=\"http:\/\/www.bristena.eu\/wp-content\/uploads\/2015\/11\/j-IMG_0720.jpg 900w, http:\/\/www.bristena.eu\/wp-content\/uploads\/2015\/11\/j-IMG_0720-300x200.jpg 300w\" sizes=\"(max-width: 900px) 100vw, 900px\" \/><\/figure><\/div>\n\n<div class=\"wp-block-image\">\n<figure class=\"aligncenter\"><img decoding=\"async\" loading=\"lazy\" width=\"900\" height=\"600\" src=\"http:\/\/www.bristena.eu\/wp-content\/uploads\/2015\/11\/j-IMG_2389.jpg\" alt=\"aleksandar ivanovski\" class=\"wp-image-2210\" srcset=\"http:\/\/www.bristena.eu\/wp-content\/uploads\/2015\/11\/j-IMG_2389.jpg 900w, http:\/\/www.bristena.eu\/wp-content\/uploads\/2015\/11\/j-IMG_2389-300x200.jpg 300w\" sizes=\"(max-width: 900px) 100vw, 900px\" \/><\/figure><\/div>\n\n\n<p class=\"has-text-align-center\">\u00a9Cristina G\u00c2NJ | Bristena Photography<\/p>\n","protected":false},"excerpt":{"rendered":"<p>&#8230;sau alt\u0103 poveste de dragoste (\u2665) Regia artistic\u0103: Aleksandar Ivanovski Decor \u015fi costume: Cosmin ArdeleanuMuzica: Sashko KostovCoregrafie: Ruszuly ErvinRegia tehnic\u0103: Stelian Chi\u0163acuSufleur: Dana Ar\u0163uche Distribu\u0163ia:Ei &#8211; Nicolae Cristache\/Ion V\u00e2ntu, Rare\u015f Budileanu, Alexandru-Andrei ChiranEle &#8211; Delia Martin, Anca Loghin, Georgiana Ghergu, [&hellip;]<\/p>\n","protected":false},"author":1,"featured_media":2278,"comment_status":"open","ping_status":"open","sticky":false,"template":"","format":"standard","meta":[],"categories":[10],"tags":[103,101,102],"yoast_head":"<!-- This site is optimized with the Yoast SEO plugin v20.12 - https:\/\/yoast.com\/wordpress\/plugins\/seo\/ -->\n<title>Crize, de Mihai Ignat. Regia Aleksandar Ivanovski - Bristena<\/title>\n<meta name=\"robots\" content=\"index, follow, max-snippet:-1, max-image-preview:large, max-video-preview:-1\" \/>\n<link rel=\"canonical\" href=\"http:\/\/www.bristena.eu\/index.php\/crize-de-mihai-ignat-regia-aleksandar-ivanovski\/\" \/>\n<meta property=\"og:locale\" content=\"en_US\" \/>\n<meta property=\"og:type\" content=\"article\" \/>\n<meta property=\"og:title\" content=\"Crize, de Mihai Ignat. Regia Aleksandar Ivanovski - Bristena\" \/>\n<meta property=\"og:description\" content=\"&#8230;sau alt\u0103 poveste de dragoste (\u2665) Regia artistic\u0103: Aleksandar Ivanovski Decor \u015fi costume: Cosmin ArdeleanuMuzica: Sashko KostovCoregrafie: Ruszuly ErvinRegia tehnic\u0103: Stelian Chi\u0163acuSufleur: Dana Ar\u0163uche Distribu\u0163ia:Ei &#8211; Nicolae Cristache\/Ion V\u00e2ntu, Rare\u015f Budileanu, Alexandru-Andrei ChiranEle &#8211; Delia Martin, Anca Loghin, Georgiana Ghergu, [&hellip;]\" \/>\n<meta property=\"og:url\" content=\"http:\/\/www.bristena.eu\/index.php\/crize-de-mihai-ignat-regia-aleksandar-ivanovski\/\" \/>\n<meta property=\"og:site_name\" content=\"Bristena\" \/>\n<meta property=\"article:published_time\" content=\"2015-05-06T15:14:05+00:00\" \/>\n<meta property=\"article:modified_time\" content=\"2023-08-02T09:23:58+00:00\" \/>\n<meta property=\"og:image\" content=\"http:\/\/www.bristena.eu\/wp-content\/uploads\/2015\/05\/IMG_1006b.jpg\" \/>\n\t<meta property=\"og:image:width\" content=\"900\" \/>\n\t<meta property=\"og:image:height\" content=\"600\" \/>\n\t<meta property=\"og:image:type\" content=\"image\/jpeg\" \/>\n<meta name=\"author\" content=\"Bristena\" \/>\n<meta name=\"twitter:card\" content=\"summary_large_image\" \/>\n<meta name=\"twitter:label1\" content=\"Written by\" \/>\n\t<meta name=\"twitter:data1\" content=\"Bristena\" \/>\n\t<meta name=\"twitter:label2\" content=\"Est. reading time\" \/>\n\t<meta name=\"twitter:data2\" content=\"6 minutes\" \/>\n<script type=\"application\/ld+json\" class=\"yoast-schema-graph\">{\"@context\":\"https:\/\/schema.org\",\"@graph\":[{\"@type\":\"WebPage\",\"@id\":\"http:\/\/www.bristena.eu\/index.php\/crize-de-mihai-ignat-regia-aleksandar-ivanovski\/\",\"url\":\"http:\/\/www.bristena.eu\/index.php\/crize-de-mihai-ignat-regia-aleksandar-ivanovski\/\",\"name\":\"Crize, de Mihai Ignat. Regia Aleksandar Ivanovski - Bristena\",\"isPartOf\":{\"@id\":\"http:\/\/www.bristena.eu\/#website\"},\"datePublished\":\"2015-05-06T15:14:05+00:00\",\"dateModified\":\"2023-08-02T09:23:58+00:00\",\"author\":{\"@id\":\"http:\/\/www.bristena.eu\/#\/schema\/person\/8035d21b90bb0fe6eecca5f3071a8a73\"},\"breadcrumb\":{\"@id\":\"http:\/\/www.bristena.eu\/index.php\/crize-de-mihai-ignat-regia-aleksandar-ivanovski\/#breadcrumb\"},\"inLanguage\":\"en-US\",\"potentialAction\":[{\"@type\":\"ReadAction\",\"target\":[\"http:\/\/www.bristena.eu\/index.php\/crize-de-mihai-ignat-regia-aleksandar-ivanovski\/\"]}]},{\"@type\":\"BreadcrumbList\",\"@id\":\"http:\/\/www.bristena.eu\/index.php\/crize-de-mihai-ignat-regia-aleksandar-ivanovski\/#breadcrumb\",\"itemListElement\":[{\"@type\":\"ListItem\",\"position\":1,\"name\":\"Home\",\"item\":\"http:\/\/www.bristena.eu\/\"},{\"@type\":\"ListItem\",\"position\":2,\"name\":\"Crize, de Mihai Ignat. Regia Aleksandar Ivanovski\"}]},{\"@type\":\"WebSite\",\"@id\":\"http:\/\/www.bristena.eu\/#website\",\"url\":\"http:\/\/www.bristena.eu\/\",\"name\":\"Bristena\",\"description\":\"fotoreportaj\",\"potentialAction\":[{\"@type\":\"SearchAction\",\"target\":{\"@type\":\"EntryPoint\",\"urlTemplate\":\"http:\/\/www.bristena.eu\/?s={search_term_string}\"},\"query-input\":\"required name=search_term_string\"}],\"inLanguage\":\"en-US\"},{\"@type\":\"Person\",\"@id\":\"http:\/\/www.bristena.eu\/#\/schema\/person\/8035d21b90bb0fe6eecca5f3071a8a73\",\"name\":\"Bristena\",\"url\":\"http:\/\/www.bristena.eu\/index.php\/author\/bristena\/\"}]}<\/script>\n<!-- \/ Yoast SEO plugin. -->","yoast_head_json":{"title":"Crize, de Mihai Ignat. Regia Aleksandar Ivanovski - Bristena","robots":{"index":"index","follow":"follow","max-snippet":"max-snippet:-1","max-image-preview":"max-image-preview:large","max-video-preview":"max-video-preview:-1"},"canonical":"http:\/\/www.bristena.eu\/index.php\/crize-de-mihai-ignat-regia-aleksandar-ivanovski\/","og_locale":"en_US","og_type":"article","og_title":"Crize, de Mihai Ignat. Regia Aleksandar Ivanovski - Bristena","og_description":"&#8230;sau alt\u0103 poveste de dragoste (\u2665) Regia artistic\u0103: Aleksandar Ivanovski Decor \u015fi costume: Cosmin ArdeleanuMuzica: Sashko KostovCoregrafie: Ruszuly ErvinRegia tehnic\u0103: Stelian Chi\u0163acuSufleur: Dana Ar\u0163uche Distribu\u0163ia:Ei &#8211; Nicolae Cristache\/Ion V\u00e2ntu, Rare\u015f Budileanu, Alexandru-Andrei ChiranEle &#8211; Delia Martin, Anca Loghin, Georgiana Ghergu, [&hellip;]","og_url":"http:\/\/www.bristena.eu\/index.php\/crize-de-mihai-ignat-regia-aleksandar-ivanovski\/","og_site_name":"Bristena","article_published_time":"2015-05-06T15:14:05+00:00","article_modified_time":"2023-08-02T09:23:58+00:00","og_image":[{"width":900,"height":600,"url":"http:\/\/www.bristena.eu\/wp-content\/uploads\/2015\/05\/IMG_1006b.jpg","type":"image\/jpeg"}],"author":"Bristena","twitter_card":"summary_large_image","twitter_misc":{"Written by":"Bristena","Est. reading time":"6 minutes"},"schema":{"@context":"https:\/\/schema.org","@graph":[{"@type":"WebPage","@id":"http:\/\/www.bristena.eu\/index.php\/crize-de-mihai-ignat-regia-aleksandar-ivanovski\/","url":"http:\/\/www.bristena.eu\/index.php\/crize-de-mihai-ignat-regia-aleksandar-ivanovski\/","name":"Crize, de Mihai Ignat. Regia Aleksandar Ivanovski - Bristena","isPartOf":{"@id":"http:\/\/www.bristena.eu\/#website"},"datePublished":"2015-05-06T15:14:05+00:00","dateModified":"2023-08-02T09:23:58+00:00","author":{"@id":"http:\/\/www.bristena.eu\/#\/schema\/person\/8035d21b90bb0fe6eecca5f3071a8a73"},"breadcrumb":{"@id":"http:\/\/www.bristena.eu\/index.php\/crize-de-mihai-ignat-regia-aleksandar-ivanovski\/#breadcrumb"},"inLanguage":"en-US","potentialAction":[{"@type":"ReadAction","target":["http:\/\/www.bristena.eu\/index.php\/crize-de-mihai-ignat-regia-aleksandar-ivanovski\/"]}]},{"@type":"BreadcrumbList","@id":"http:\/\/www.bristena.eu\/index.php\/crize-de-mihai-ignat-regia-aleksandar-ivanovski\/#breadcrumb","itemListElement":[{"@type":"ListItem","position":1,"name":"Home","item":"http:\/\/www.bristena.eu\/"},{"@type":"ListItem","position":2,"name":"Crize, de Mihai Ignat. Regia Aleksandar Ivanovski"}]},{"@type":"WebSite","@id":"http:\/\/www.bristena.eu\/#website","url":"http:\/\/www.bristena.eu\/","name":"Bristena","description":"fotoreportaj","potentialAction":[{"@type":"SearchAction","target":{"@type":"EntryPoint","urlTemplate":"http:\/\/www.bristena.eu\/?s={search_term_string}"},"query-input":"required name=search_term_string"}],"inLanguage":"en-US"},{"@type":"Person","@id":"http:\/\/www.bristena.eu\/#\/schema\/person\/8035d21b90bb0fe6eecca5f3071a8a73","name":"Bristena","url":"http:\/\/www.bristena.eu\/index.php\/author\/bristena\/"}]}},"_links":{"self":[{"href":"http:\/\/www.bristena.eu\/index.php\/wp-json\/wp\/v2\/posts\/2183"}],"collection":[{"href":"http:\/\/www.bristena.eu\/index.php\/wp-json\/wp\/v2\/posts"}],"about":[{"href":"http:\/\/www.bristena.eu\/index.php\/wp-json\/wp\/v2\/types\/post"}],"author":[{"embeddable":true,"href":"http:\/\/www.bristena.eu\/index.php\/wp-json\/wp\/v2\/users\/1"}],"replies":[{"embeddable":true,"href":"http:\/\/www.bristena.eu\/index.php\/wp-json\/wp\/v2\/comments?post=2183"}],"version-history":[{"count":3,"href":"http:\/\/www.bristena.eu\/index.php\/wp-json\/wp\/v2\/posts\/2183\/revisions"}],"predecessor-version":[{"id":6299,"href":"http:\/\/www.bristena.eu\/index.php\/wp-json\/wp\/v2\/posts\/2183\/revisions\/6299"}],"wp:featuredmedia":[{"embeddable":true,"href":"http:\/\/www.bristena.eu\/index.php\/wp-json\/wp\/v2\/media\/2278"}],"wp:attachment":[{"href":"http:\/\/www.bristena.eu\/index.php\/wp-json\/wp\/v2\/media?parent=2183"}],"wp:term":[{"taxonomy":"category","embeddable":true,"href":"http:\/\/www.bristena.eu\/index.php\/wp-json\/wp\/v2\/categories?post=2183"},{"taxonomy":"post_tag","embeddable":true,"href":"http:\/\/www.bristena.eu\/index.php\/wp-json\/wp\/v2\/tags?post=2183"}],"curies":[{"name":"wp","href":"https:\/\/api.w.org\/{rel}","templated":true}]}}