{"id":1812,"date":"2015-06-10T16:11:45","date_gmt":"2015-06-10T13:11:45","guid":{"rendered":"http:\/\/www.bristena.eu\/?p=1812"},"modified":"2023-08-02T12:23:01","modified_gmt":"2023-08-02T09:23:01","slug":"manu-chao-a-leganat-campia-libertatii","status":"publish","type":"post","link":"http:\/\/www.bristena.eu\/index.php\/manu-chao-a-leganat-campia-libertatii\/","title":{"rendered":"Manu Chao a leganat Campia Libertatii"},"content":{"rendered":"<p style=\"text-align: center;\">\n<p style=\"text-align: center;\">bienvenido a Tijuana \/ bienvenido mi amor<br \/>\nde noche a la manana<\/p>\n<p><img decoding=\"async\" loading=\"lazy\" class=\"aligncenter size-full wp-image-1824\" src=\"http:\/\/www.bristena.eu\/wp-content\/uploads\/2015\/06\/IMG_3640an.jpg\" alt=\"IMG_3640an\" width=\"900\" height=\"600\" srcset=\"http:\/\/www.bristena.eu\/wp-content\/uploads\/2015\/06\/IMG_3640an.jpg 900w, http:\/\/www.bristena.eu\/wp-content\/uploads\/2015\/06\/IMG_3640an-300x200.jpg 300w\" sizes=\"(max-width: 900px) 100vw, 900px\" \/><\/p>\n<p style=\"text-align: center;\">C\u00e2mpia Libert\u0103\u021bii. Se spune\u00a0c\u0103 aici a r\u0103s\u0103rit soarele rom\u00e2nilor \u00eentru egalitate, libertate, solidaritate, educa\u021bie, inova\u021bie<br \/>\nacum 167 de ani se str\u00e2ngeau aici peste 40 000 de oameni care vroiau s\u0103 se uneasc\u0103 cu \u021bara<\/p>\n<p><img decoding=\"async\" loading=\"lazy\" class=\"aligncenter size-full wp-image-1816\" src=\"http:\/\/www.bristena.eu\/wp-content\/uploads\/2015\/06\/IMG_3579.jpg\" alt=\"IMG_3579\" width=\"900\" height=\"600\" srcset=\"http:\/\/www.bristena.eu\/wp-content\/uploads\/2015\/06\/IMG_3579.jpg 900w, http:\/\/www.bristena.eu\/wp-content\/uploads\/2015\/06\/IMG_3579-300x200.jpg 300w\" sizes=\"(max-width: 900px) 100vw, 900px\" \/><\/p>\n<p style=\"text-align: center;\">de trei ani \u00eencoace, pe C\u00e2mpia Libert\u0103\u021bii de la Blaj\u00a0se contureaz\u0103 un frumos festival ce vrea s\u0103 promoveze toate cele mai sus men\u021bionate<\/p>\n<p><img decoding=\"async\" loading=\"lazy\" class=\"aligncenter size-full wp-image-1815\" src=\"http:\/\/www.bristena.eu\/wp-content\/uploads\/2015\/06\/IMG_3577.jpg\" alt=\"IMG_3577\" width=\"900\" height=\"600\" srcset=\"http:\/\/www.bristena.eu\/wp-content\/uploads\/2015\/06\/IMG_3577.jpg 900w, http:\/\/www.bristena.eu\/wp-content\/uploads\/2015\/06\/IMG_3577-300x200.jpg 300w\" sizes=\"(max-width: 900px) 100vw, 900px\" \/><\/p>\n<p style=\"text-align: center;\">\u00een weekendul 5-6 iunie, m-am contopit cu Marea Adunare, la Blaj aLive 2015<br \/>\nam ajuns la fix c\u00e2t s\u0103-mi zbor bra\u021bele pe ritmuri de Dubioza Kolektiv \u0219i mult-a\u0219teptatul Manu Chao<\/p>\n<p><img decoding=\"async\" loading=\"lazy\" class=\"aligncenter size-full wp-image-1817\" src=\"http:\/\/www.bristena.eu\/wp-content\/uploads\/2015\/06\/IMG_3580.jpg\" alt=\"IMG_3580\" width=\"900\" height=\"600\" srcset=\"http:\/\/www.bristena.eu\/wp-content\/uploads\/2015\/06\/IMG_3580.jpg 900w, http:\/\/www.bristena.eu\/wp-content\/uploads\/2015\/06\/IMG_3580-300x200.jpg 300w\" sizes=\"(max-width: 900px) 100vw, 900px\" \/><\/p>\n<p><img decoding=\"async\" loading=\"lazy\" class=\"aligncenter size-full wp-image-1818\" src=\"http:\/\/www.bristena.eu\/wp-content\/uploads\/2015\/06\/IMG_3581.jpg\" alt=\"IMG_3581\" width=\"900\" height=\"600\" srcset=\"http:\/\/www.bristena.eu\/wp-content\/uploads\/2015\/06\/IMG_3581.jpg 900w, http:\/\/www.bristena.eu\/wp-content\/uploads\/2015\/06\/IMG_3581-300x200.jpg 300w\" sizes=\"(max-width: 900px) 100vw, 900px\" \/><\/p>\n<p><img decoding=\"async\" loading=\"lazy\" class=\"aligncenter size-full wp-image-1813\" src=\"http:\/\/www.bristena.eu\/wp-content\/uploads\/2015\/06\/IMG_3573.jpg\" alt=\"IMG_3573\" width=\"900\" height=\"600\" srcset=\"http:\/\/www.bristena.eu\/wp-content\/uploads\/2015\/06\/IMG_3573.jpg 900w, http:\/\/www.bristena.eu\/wp-content\/uploads\/2015\/06\/IMG_3573-300x200.jpg 300w\" sizes=\"(max-width: 900px) 100vw, 900px\" \/><\/p>\n<p><img decoding=\"async\" loading=\"lazy\" class=\"aligncenter size-full wp-image-1820\" src=\"http:\/\/www.bristena.eu\/wp-content\/uploads\/2015\/06\/IMG_3596.jpg\" alt=\"IMG_3596\" width=\"900\" height=\"600\" srcset=\"http:\/\/www.bristena.eu\/wp-content\/uploads\/2015\/06\/IMG_3596.jpg 900w, http:\/\/www.bristena.eu\/wp-content\/uploads\/2015\/06\/IMG_3596-300x200.jpg 300w\" sizes=\"(max-width: 900px) 100vw, 900px\" \/><\/p>\n<p><img decoding=\"async\" loading=\"lazy\" class=\"aligncenter size-full wp-image-1822\" src=\"http:\/\/www.bristena.eu\/wp-content\/uploads\/2015\/06\/IMG_3608.jpg\" alt=\"IMG_3608\" width=\"900\" height=\"600\" srcset=\"http:\/\/www.bristena.eu\/wp-content\/uploads\/2015\/06\/IMG_3608.jpg 900w, http:\/\/www.bristena.eu\/wp-content\/uploads\/2015\/06\/IMG_3608-300x200.jpg 300w\" sizes=\"(max-width: 900px) 100vw, 900px\" \/><\/p>\n<p style=\"text-align: center;\">un val de energie a ridicat pe sus toat\u0103 adunarea pentru aproape patru ore<br \/>\n\u00een seara celei de-a \u0219asea zi de var\u0103<\/p>\n<p><img decoding=\"async\" loading=\"lazy\" class=\"aligncenter size-full wp-image-1823\" src=\"http:\/\/www.bristena.eu\/wp-content\/uploads\/2015\/06\/IMG_3616.jpg\" alt=\"IMG_3616\" width=\"900\" height=\"600\" srcset=\"http:\/\/www.bristena.eu\/wp-content\/uploads\/2015\/06\/IMG_3616.jpg 900w, http:\/\/www.bristena.eu\/wp-content\/uploads\/2015\/06\/IMG_3616-300x200.jpg 300w\" sizes=\"(max-width: 900px) 100vw, 900px\" \/><\/p>\n<p><img decoding=\"async\" loading=\"lazy\" class=\"aligncenter size-full wp-image-1821\" src=\"http:\/\/www.bristena.eu\/wp-content\/uploads\/2015\/06\/IMG_3600.jpg\" alt=\"IMG_3600\" width=\"900\" height=\"600\" srcset=\"http:\/\/www.bristena.eu\/wp-content\/uploads\/2015\/06\/IMG_3600.jpg 900w, http:\/\/www.bristena.eu\/wp-content\/uploads\/2015\/06\/IMG_3600-300x200.jpg 300w\" sizes=\"(max-width: 900px) 100vw, 900px\" \/><\/p>\n<p><img decoding=\"async\" loading=\"lazy\" class=\"aligncenter size-full wp-image-1819\" src=\"http:\/\/www.bristena.eu\/wp-content\/uploads\/2015\/06\/IMG_3587.jpg\" alt=\"IMG_3587\" width=\"900\" height=\"600\" srcset=\"http:\/\/www.bristena.eu\/wp-content\/uploads\/2015\/06\/IMG_3587.jpg 900w, http:\/\/www.bristena.eu\/wp-content\/uploads\/2015\/06\/IMG_3587-300x200.jpg 300w\" sizes=\"(max-width: 900px) 100vw, 900px\" \/><\/p>\n<p><img decoding=\"async\" loading=\"lazy\" class=\"aligncenter size-full wp-image-1825\" src=\"http:\/\/www.bristena.eu\/wp-content\/uploads\/2015\/06\/IMG_3644.jpg\" alt=\"IMG_3644\" width=\"900\" height=\"600\" srcset=\"http:\/\/www.bristena.eu\/wp-content\/uploads\/2015\/06\/IMG_3644.jpg 900w, http:\/\/www.bristena.eu\/wp-content\/uploads\/2015\/06\/IMG_3644-300x200.jpg 300w\" sizes=\"(max-width: 900px) 100vw, 900px\" \/><\/p>\n<p><img decoding=\"async\" loading=\"lazy\" class=\"aligncenter size-full wp-image-1826\" src=\"http:\/\/www.bristena.eu\/wp-content\/uploads\/2015\/06\/IMG_3646.jpg\" alt=\"IMG_3646\" width=\"900\" height=\"600\" srcset=\"http:\/\/www.bristena.eu\/wp-content\/uploads\/2015\/06\/IMG_3646.jpg 900w, http:\/\/www.bristena.eu\/wp-content\/uploads\/2015\/06\/IMG_3646-300x200.jpg 300w\" sizes=\"(max-width: 900px) 100vw, 900px\" \/><\/p>\n<p><img decoding=\"async\" loading=\"lazy\" class=\"aligncenter size-full wp-image-1827\" src=\"http:\/\/www.bristena.eu\/wp-content\/uploads\/2015\/06\/IMG_3652.jpg\" alt=\"IMG_3652\" width=\"900\" height=\"600\" srcset=\"http:\/\/www.bristena.eu\/wp-content\/uploads\/2015\/06\/IMG_3652.jpg 900w, http:\/\/www.bristena.eu\/wp-content\/uploads\/2015\/06\/IMG_3652-300x200.jpg 300w\" sizes=\"(max-width: 900px) 100vw, 900px\" \/><\/p>\n<p style=\"text-align: center;\">welcome to Tijuana \/ tequila, sexo y marijuana<\/p>\n<p><img decoding=\"async\" loading=\"lazy\" class=\"aligncenter size-full wp-image-1828\" src=\"http:\/\/www.bristena.eu\/wp-content\/uploads\/2015\/06\/IMG_3658.jpg\" alt=\"IMG_3658\" width=\"900\" height=\"600\" srcset=\"http:\/\/www.bristena.eu\/wp-content\/uploads\/2015\/06\/IMG_3658.jpg 900w, http:\/\/www.bristena.eu\/wp-content\/uploads\/2015\/06\/IMG_3658-300x200.jpg 300w\" sizes=\"(max-width: 900px) 100vw, 900px\" \/><\/p>\n<p style=\"text-align: center;\">bienvenido a mi suerte \/ a mi me gusta verte<\/p>\n<p><img decoding=\"async\" loading=\"lazy\" class=\"aligncenter size-full wp-image-1829\" src=\"http:\/\/www.bristena.eu\/wp-content\/uploads\/2015\/06\/IMG_3670.jpg\" alt=\"IMG_3670\" width=\"900\" height=\"600\" srcset=\"http:\/\/www.bristena.eu\/wp-content\/uploads\/2015\/06\/IMG_3670.jpg 900w, http:\/\/www.bristena.eu\/wp-content\/uploads\/2015\/06\/IMG_3670-300x200.jpg 300w\" sizes=\"(max-width: 900px) 100vw, 900px\" \/><\/p>\n<p><img decoding=\"async\" loading=\"lazy\" class=\"aligncenter size-full wp-image-1830\" src=\"http:\/\/www.bristena.eu\/wp-content\/uploads\/2015\/06\/IMG_3683.jpg\" alt=\"IMG_3683\" width=\"900\" height=\"600\" srcset=\"http:\/\/www.bristena.eu\/wp-content\/uploads\/2015\/06\/IMG_3683.jpg 900w, http:\/\/www.bristena.eu\/wp-content\/uploads\/2015\/06\/IMG_3683-300x200.jpg 300w\" sizes=\"(max-width: 900px) 100vw, 900px\" \/><\/p>\n<p style=\"text-align: center;\">bienvenido a mi suerte \/ bienvenido a la muerte<\/p>\n<p><img decoding=\"async\" loading=\"lazy\" class=\"aligncenter size-full wp-image-1831\" src=\"http:\/\/www.bristena.eu\/wp-content\/uploads\/2015\/06\/IMG_3685.jpg\" alt=\"IMG_3685\" width=\"900\" height=\"600\" srcset=\"http:\/\/www.bristena.eu\/wp-content\/uploads\/2015\/06\/IMG_3685.jpg 900w, http:\/\/www.bristena.eu\/wp-content\/uploads\/2015\/06\/IMG_3685-300x200.jpg 300w\" sizes=\"(max-width: 900px) 100vw, 900px\" \/><\/p>\n<p><img decoding=\"async\" loading=\"lazy\" class=\"aligncenter size-full wp-image-1833\" src=\"http:\/\/www.bristena.eu\/wp-content\/uploads\/2015\/06\/IMG_3693.jpg\" alt=\"IMG_3693\" width=\"900\" height=\"600\" srcset=\"http:\/\/www.bristena.eu\/wp-content\/uploads\/2015\/06\/IMG_3693.jpg 900w, http:\/\/www.bristena.eu\/wp-content\/uploads\/2015\/06\/IMG_3693-300x200.jpg 300w\" sizes=\"(max-width: 900px) 100vw, 900px\" \/><\/p>\n<p><img decoding=\"async\" loading=\"lazy\" class=\"aligncenter size-full wp-image-1834\" src=\"http:\/\/www.bristena.eu\/wp-content\/uploads\/2015\/06\/IMG_3698.jpg\" alt=\"IMG_3698\" width=\"900\" height=\"600\" srcset=\"http:\/\/www.bristena.eu\/wp-content\/uploads\/2015\/06\/IMG_3698.jpg 900w, http:\/\/www.bristena.eu\/wp-content\/uploads\/2015\/06\/IMG_3698-300x200.jpg 300w\" sizes=\"(max-width: 900px) 100vw, 900px\" \/><\/p>\n<p><img decoding=\"async\" loading=\"lazy\" class=\"aligncenter size-full wp-image-1835\" src=\"http:\/\/www.bristena.eu\/wp-content\/uploads\/2015\/06\/IMG_3701.jpg\" alt=\"IMG_3701\" width=\"900\" height=\"600\" srcset=\"http:\/\/www.bristena.eu\/wp-content\/uploads\/2015\/06\/IMG_3701.jpg 900w, http:\/\/www.bristena.eu\/wp-content\/uploads\/2015\/06\/IMG_3701-300x200.jpg 300w\" sizes=\"(max-width: 900px) 100vw, 900px\" \/><\/p>\n<p style=\"text-align: center;\">\u00a9Cristina G\u00c2NJ | Bristena Photography<\/p>\n","protected":false},"excerpt":{"rendered":"<p>bienvenido a Tijuana \/ bienvenido mi amor de noche a la manana C\u00e2mpia Libert\u0103\u021bii. Se spune\u00a0c\u0103 aici a r\u0103s\u0103rit soarele rom\u00e2nilor \u00eentru egalitate, libertate, solidaritate, educa\u021bie, inova\u021bie acum 167 de ani se str\u00e2ngeau aici peste 40 000 de oameni care [&hellip;]<\/p>\n","protected":false},"author":1,"featured_media":1832,"comment_status":"closed","ping_status":"open","sticky":false,"template":"","format":"standard","meta":[],"categories":[111],"tags":[64,59,31,63],"yoast_head":"<!-- This site is optimized with the Yoast SEO plugin v20.12 - https:\/\/yoast.com\/wordpress\/plugins\/seo\/ -->\n<title>Manu Chao a leganat Campia Libertatii - Bristena<\/title>\n<meta name=\"robots\" content=\"index, follow, max-snippet:-1, max-image-preview:large, max-video-preview:-1\" \/>\n<link rel=\"canonical\" href=\"http:\/\/www.bristena.eu\/index.php\/manu-chao-a-leganat-campia-libertatii\/\" \/>\n<meta property=\"og:locale\" content=\"en_US\" \/>\n<meta property=\"og:type\" content=\"article\" \/>\n<meta property=\"og:title\" content=\"Manu Chao a leganat Campia Libertatii - Bristena\" \/>\n<meta property=\"og:description\" content=\"bienvenido a Tijuana \/ bienvenido mi amor de noche a la manana C\u00e2mpia Libert\u0103\u021bii. Se spune\u00a0c\u0103 aici a r\u0103s\u0103rit soarele rom\u00e2nilor \u00eentru egalitate, libertate, solidaritate, educa\u021bie, inova\u021bie acum 167 de ani se str\u00e2ngeau aici peste 40 000 de oameni care [&hellip;]\" \/>\n<meta property=\"og:url\" content=\"http:\/\/www.bristena.eu\/index.php\/manu-chao-a-leganat-campia-libertatii\/\" \/>\n<meta property=\"og:site_name\" content=\"Bristena\" \/>\n<meta property=\"article:published_time\" content=\"2015-06-10T13:11:45+00:00\" \/>\n<meta property=\"article:modified_time\" content=\"2023-08-02T09:23:01+00:00\" \/>\n<meta property=\"og:image\" content=\"http:\/\/www.bristena.eu\/wp-content\/uploads\/2015\/06\/IMG_3687.jpg\" \/>\n\t<meta property=\"og:image:width\" content=\"900\" \/>\n\t<meta property=\"og:image:height\" content=\"600\" \/>\n\t<meta property=\"og:image:type\" content=\"image\/jpeg\" \/>\n<meta name=\"author\" content=\"Bristena\" \/>\n<meta name=\"twitter:card\" content=\"summary_large_image\" \/>\n<meta name=\"twitter:label1\" content=\"Written by\" \/>\n\t<meta name=\"twitter:data1\" content=\"Bristena\" \/>\n\t<meta name=\"twitter:label2\" content=\"Est. reading time\" \/>\n\t<meta name=\"twitter:data2\" content=\"5 minutes\" \/>\n<script type=\"application\/ld+json\" class=\"yoast-schema-graph\">{\"@context\":\"https:\/\/schema.org\",\"@graph\":[{\"@type\":\"WebPage\",\"@id\":\"http:\/\/www.bristena.eu\/index.php\/manu-chao-a-leganat-campia-libertatii\/\",\"url\":\"http:\/\/www.bristena.eu\/index.php\/manu-chao-a-leganat-campia-libertatii\/\",\"name\":\"Manu Chao a leganat Campia Libertatii - Bristena\",\"isPartOf\":{\"@id\":\"http:\/\/www.bristena.eu\/#website\"},\"datePublished\":\"2015-06-10T13:11:45+00:00\",\"dateModified\":\"2023-08-02T09:23:01+00:00\",\"author\":{\"@id\":\"http:\/\/www.bristena.eu\/#\/schema\/person\/8035d21b90bb0fe6eecca5f3071a8a73\"},\"breadcrumb\":{\"@id\":\"http:\/\/www.bristena.eu\/index.php\/manu-chao-a-leganat-campia-libertatii\/#breadcrumb\"},\"inLanguage\":\"en-US\",\"potentialAction\":[{\"@type\":\"ReadAction\",\"target\":[\"http:\/\/www.bristena.eu\/index.php\/manu-chao-a-leganat-campia-libertatii\/\"]}]},{\"@type\":\"BreadcrumbList\",\"@id\":\"http:\/\/www.bristena.eu\/index.php\/manu-chao-a-leganat-campia-libertatii\/#breadcrumb\",\"itemListElement\":[{\"@type\":\"ListItem\",\"position\":1,\"name\":\"Home\",\"item\":\"http:\/\/www.bristena.eu\/\"},{\"@type\":\"ListItem\",\"position\":2,\"name\":\"Manu Chao a leganat Campia Libertatii\"}]},{\"@type\":\"WebSite\",\"@id\":\"http:\/\/www.bristena.eu\/#website\",\"url\":\"http:\/\/www.bristena.eu\/\",\"name\":\"Bristena\",\"description\":\"fotoreportaj\",\"potentialAction\":[{\"@type\":\"SearchAction\",\"target\":{\"@type\":\"EntryPoint\",\"urlTemplate\":\"http:\/\/www.bristena.eu\/?s={search_term_string}\"},\"query-input\":\"required name=search_term_string\"}],\"inLanguage\":\"en-US\"},{\"@type\":\"Person\",\"@id\":\"http:\/\/www.bristena.eu\/#\/schema\/person\/8035d21b90bb0fe6eecca5f3071a8a73\",\"name\":\"Bristena\",\"url\":\"http:\/\/www.bristena.eu\/index.php\/author\/bristena\/\"}]}<\/script>\n<!-- \/ Yoast SEO plugin. -->","yoast_head_json":{"title":"Manu Chao a leganat Campia Libertatii - Bristena","robots":{"index":"index","follow":"follow","max-snippet":"max-snippet:-1","max-image-preview":"max-image-preview:large","max-video-preview":"max-video-preview:-1"},"canonical":"http:\/\/www.bristena.eu\/index.php\/manu-chao-a-leganat-campia-libertatii\/","og_locale":"en_US","og_type":"article","og_title":"Manu Chao a leganat Campia Libertatii - Bristena","og_description":"bienvenido a Tijuana \/ bienvenido mi amor de noche a la manana C\u00e2mpia Libert\u0103\u021bii. Se spune\u00a0c\u0103 aici a r\u0103s\u0103rit soarele rom\u00e2nilor \u00eentru egalitate, libertate, solidaritate, educa\u021bie, inova\u021bie acum 167 de ani se str\u00e2ngeau aici peste 40 000 de oameni care [&hellip;]","og_url":"http:\/\/www.bristena.eu\/index.php\/manu-chao-a-leganat-campia-libertatii\/","og_site_name":"Bristena","article_published_time":"2015-06-10T13:11:45+00:00","article_modified_time":"2023-08-02T09:23:01+00:00","og_image":[{"width":900,"height":600,"url":"http:\/\/www.bristena.eu\/wp-content\/uploads\/2015\/06\/IMG_3687.jpg","type":"image\/jpeg"}],"author":"Bristena","twitter_card":"summary_large_image","twitter_misc":{"Written by":"Bristena","Est. reading time":"5 minutes"},"schema":{"@context":"https:\/\/schema.org","@graph":[{"@type":"WebPage","@id":"http:\/\/www.bristena.eu\/index.php\/manu-chao-a-leganat-campia-libertatii\/","url":"http:\/\/www.bristena.eu\/index.php\/manu-chao-a-leganat-campia-libertatii\/","name":"Manu Chao a leganat Campia Libertatii - Bristena","isPartOf":{"@id":"http:\/\/www.bristena.eu\/#website"},"datePublished":"2015-06-10T13:11:45+00:00","dateModified":"2023-08-02T09:23:01+00:00","author":{"@id":"http:\/\/www.bristena.eu\/#\/schema\/person\/8035d21b90bb0fe6eecca5f3071a8a73"},"breadcrumb":{"@id":"http:\/\/www.bristena.eu\/index.php\/manu-chao-a-leganat-campia-libertatii\/#breadcrumb"},"inLanguage":"en-US","potentialAction":[{"@type":"ReadAction","target":["http:\/\/www.bristena.eu\/index.php\/manu-chao-a-leganat-campia-libertatii\/"]}]},{"@type":"BreadcrumbList","@id":"http:\/\/www.bristena.eu\/index.php\/manu-chao-a-leganat-campia-libertatii\/#breadcrumb","itemListElement":[{"@type":"ListItem","position":1,"name":"Home","item":"http:\/\/www.bristena.eu\/"},{"@type":"ListItem","position":2,"name":"Manu Chao a leganat Campia Libertatii"}]},{"@type":"WebSite","@id":"http:\/\/www.bristena.eu\/#website","url":"http:\/\/www.bristena.eu\/","name":"Bristena","description":"fotoreportaj","potentialAction":[{"@type":"SearchAction","target":{"@type":"EntryPoint","urlTemplate":"http:\/\/www.bristena.eu\/?s={search_term_string}"},"query-input":"required name=search_term_string"}],"inLanguage":"en-US"},{"@type":"Person","@id":"http:\/\/www.bristena.eu\/#\/schema\/person\/8035d21b90bb0fe6eecca5f3071a8a73","name":"Bristena","url":"http:\/\/www.bristena.eu\/index.php\/author\/bristena\/"}]}},"_links":{"self":[{"href":"http:\/\/www.bristena.eu\/index.php\/wp-json\/wp\/v2\/posts\/1812"}],"collection":[{"href":"http:\/\/www.bristena.eu\/index.php\/wp-json\/wp\/v2\/posts"}],"about":[{"href":"http:\/\/www.bristena.eu\/index.php\/wp-json\/wp\/v2\/types\/post"}],"author":[{"embeddable":true,"href":"http:\/\/www.bristena.eu\/index.php\/wp-json\/wp\/v2\/users\/1"}],"replies":[{"embeddable":true,"href":"http:\/\/www.bristena.eu\/index.php\/wp-json\/wp\/v2\/comments?post=1812"}],"version-history":[{"count":3,"href":"http:\/\/www.bristena.eu\/index.php\/wp-json\/wp\/v2\/posts\/1812\/revisions"}],"predecessor-version":[{"id":6297,"href":"http:\/\/www.bristena.eu\/index.php\/wp-json\/wp\/v2\/posts\/1812\/revisions\/6297"}],"wp:featuredmedia":[{"embeddable":true,"href":"http:\/\/www.bristena.eu\/index.php\/wp-json\/wp\/v2\/media\/1832"}],"wp:attachment":[{"href":"http:\/\/www.bristena.eu\/index.php\/wp-json\/wp\/v2\/media?parent=1812"}],"wp:term":[{"taxonomy":"category","embeddable":true,"href":"http:\/\/www.bristena.eu\/index.php\/wp-json\/wp\/v2\/categories?post=1812"},{"taxonomy":"post_tag","embeddable":true,"href":"http:\/\/www.bristena.eu\/index.php\/wp-json\/wp\/v2\/tags?post=1812"}],"curies":[{"name":"wp","href":"https:\/\/api.w.org\/{rel}","templated":true}]}}